{"id":10185,"date":"2023-02-23T09:12:35","date_gmt":"2023-02-23T08:12:35","guid":{"rendered":"https:\/\/projectes.xtec.cat\/integrafp\/?p=10185"},"modified":"2023-02-28T09:10:07","modified_gmt":"2023-02-28T08:10:07","slug":"curs-pintura-reparacio-i-construccio-delements-de-plastic-reforcats-amb-fibra-dembarcacions-esportives-a-linstitut-els-alfacs","status":"publish","type":"post","link":"https:\/\/projectes.xtec.cat\/integrafp\/general\/curs-pintura-reparacio-i-construccio-delements-de-plastic-reforcats-amb-fibra-dembarcacions-esportives-a-linstitut-els-alfacs\/","title":{"rendered":"INS Els Alfacs: Curs &#8220;Pintura, reparaci\u00f3 i construcci\u00f3 d\u2019elements de pl\u00e0stic refor\u00e7ats amb fibra d\u2019embarcacions esportives&#8221;"},"content":{"rendered":"<p>El proper mes de mar\u00e7, est\u00e0 previst l&#8217;inici del certificat de professionalitat nivell 2 &#8220;Pintura, reparaci\u00f3 i construcci\u00f3 d&#8217;elements de pl\u00e0stic refor\u00e7ats amb la fibra d&#8217;embarcacions esportives&#8221; a les instal\u00b7lacions del Port N\u00e0utic de l&#8217;Institut Els Alfacs.<\/p>\n<p>Aquesta formaci\u00f3 est\u00e0 dirigida a persones desocupades amb el t\u00edtol d&#8217;estudis secundaris obligatoris (ESO) o equivalent, que tinguin inter\u00e8s en professionalitzar-se en el sector del manteniment de vehicles, en aquest cas, embarcacions esportives i d&#8217;esbarjo. La formaci\u00f3, principalment pr\u00e0ctica, ofereix als futurs alumnes poder capacitar-se en relaci\u00f3 amb l&#8217;\u00e0mbit de la pintura i la fibra.<\/p>\n<p>La data d&#8217;inici prevista \u00e9s el 9 de mar\u00e7. La formaci\u00f3 t\u00e9 una durada prevista de 480 hores, les quals es distribueixen amb 400h de formaci\u00f3 te\u00f2rica i pr\u00e0ctica i 80h de pr\u00e0ctiques no laborals en empreses.<\/p>\n<p>&nbsp;<\/p>\n<p>&nbsp;<\/p>\n<p>&nbsp;<\/p>\n","protected":false},"excerpt":{"rendered":"<p>El proper mes de mar\u00e7, est\u00e0 previst l&#8217;inici del certificat de professionalitat nivell 2 &#8220;Pintura, reparaci\u00f3 i construcci\u00f3 d&#8217;elements de pl\u00e0stic refor\u00e7ats amb la fibra d&#8217;embarcacions esportives&#8221; a les instal\u00b7lacions del Port N\u00e0utic de l&#8217;Institut Els Alfacs.<br \/>\nAquesta formaci\u00f3 est\u00e0 dirigida a persones desocupades amb el&hellip;  <a href=\"https:\/\/projectes.xtec.cat\/integrafp\/general\/curs-pintura-reparacio-i-construccio-delements-de-plastic-reforcats-amb-fibra-dembarcacions-esportives-a-linstitut-els-alfacs\/\" title=\"Read INS Els Alfacs: Curs &#8220;Pintura, reparaci\u00f3 i construcci\u00f3 d\u2019elements de pl\u00e0stic refor\u00e7ats amb fibra d\u2019embarcacions esportives&#8221;\">Llegeix m\u00e9s\u00bb<\/a><\/p>\n","protected":false},"author":62,"featured_media":0,"comment_status":"open","ping_status":"closed","sticky":false,"template":"","format":"standard","meta":{"_bbp_topic_count":0,"_bbp_reply_count":0,"_bbp_total_topic_count":0,"_bbp_total_reply_count":0,"_bbp_voice_count":0,"_bbp_anonymous_reply_count":0,"_bbp_topic_count_hidden":0,"_bbp_reply_count_hidden":0,"_bbp_forum_subforum_count":0,"footnotes":""},"categories":[154,1,29],"tags":[299,322],"class_list":["post-10185","post","type-post","status-publish","format-standard","hentry","category-formacio","category-general","category-portada","tag-provincia-tarragona","tag-transport-i-manteniment-de-vehicles"],"post_mailing_queue_ids":[],"_links":{"self":[{"href":"https:\/\/projectes.xtec.cat\/integrafp\/wp-json\/wp\/v2\/posts\/10185","targetHints":{"allow":["GET"]}}],"collection":[{"href":"https:\/\/projectes.xtec.cat\/integrafp\/wp-json\/wp\/v2\/posts"}],"about":[{"href":"https:\/\/projectes.xtec.cat\/integrafp\/wp-json\/wp\/v2\/types\/post"}],"author":[{"embeddable":true,"href":"https:\/\/projectes.xtec.cat\/integrafp\/wp-json\/wp\/v2\/users\/62"}],"replies":[{"embeddable":true,"href":"https:\/\/projectes.xtec.cat\/integrafp\/wp-json\/wp\/v2\/comments?post=10185"}],"version-history":[{"count":3,"href":"https:\/\/projectes.xtec.cat\/integrafp\/wp-json\/wp\/v2\/posts\/10185\/revisions"}],"predecessor-version":[{"id":10207,"href":"https:\/\/projectes.xtec.cat\/integrafp\/wp-json\/wp\/v2\/posts\/10185\/revisions\/10207"}],"wp:attachment":[{"href":"https:\/\/projectes.xtec.cat\/integrafp\/wp-json\/wp\/v2\/media?parent=10185"}],"wp:term":[{"taxonomy":"category","embeddable":true,"href":"https:\/\/projectes.xtec.cat\/integrafp\/wp-json\/wp\/v2\/categories?post=10185"},{"taxonomy":"post_tag","embeddable":true,"href":"https:\/\/projectes.xtec.cat\/integrafp\/wp-json\/wp\/v2\/tags?post=10185"}],"curies":[{"name":"wp","href":"https:\/\/api.w.org\/{rel}","templated":true}]}}