{"id":10662,"date":"2023-03-28T12:25:41","date_gmt":"2023-03-28T10:25:41","guid":{"rendered":"https:\/\/projectes.xtec.cat\/integrafp\/?p=10662"},"modified":"2023-03-28T12:58:45","modified_gmt":"2023-03-28T10:58:45","slug":"ins-comte-de-rius-arrenca-el-certificat-de-professionalitat-de-nivell-2-de-lambit-de-proces-quimic","status":"publish","type":"post","link":"https:\/\/projectes.xtec.cat\/integrafp\/general\/ins-comte-de-rius-arrenca-el-certificat-de-professionalitat-de-nivell-2-de-lambit-de-proces-quimic\/","title":{"rendered":"INS Comte de Rius: Arrenca el Certificat de professionalitat de nivell 2 de l\u2019\u00e0mbit de PROC\u00c9S QU\u00cdMIC."},"content":{"rendered":"<p>El passat 11 de gener vam engegar el Certificat de professionalitat de nivell 2 <strong>QUIE0408 Operacions de moviments i lliurament de productes en la ind\u00fastria qu\u00edmica<\/strong>.<br \/>\nAquest Certificat el cursen 15 alumnes que estan en situaci\u00f3 d\u2019atur o inscrits al SOC com a demandants d\u2019ocupaci\u00f3.<\/p>\n<p>Una de les unitats de compet\u00e8ncia que s&#8217;assoleixen al finalitzar la formaci\u00f3, \u00e9s la de realitzar les operacions de c\u00e0rrega, desc\u00e0rrega, emmagatzematge i envasat de productes qu\u00edmics.<\/p>\n<p>En el marc de la UF005 es realitzen les pr\u00e0ctiques de dosificaci\u00f3 i envasat, s&#8217;avalua la idone\u00eftat del sistema de dosificaci\u00f3, es realitzen els c\u00e0lculs corresponents, i es treballa amb full de c\u00e0lcul.<\/p>\n<p><a href=\"https:\/\/projectes.xtec.cat\/integrafp\/wp-content\/uploads\/usu2419\/2023\/03\/dosif_solids1_1024.jpg\"><img loading=\"lazy\" decoding=\"async\" class=\"alignnone wp-image-10664\" src=\"https:\/\/projectes.xtec.cat\/integrafp\/wp-content\/uploads\/usu2419\/2023\/03\/dosif_solids1_1024.jpg\" alt=\"\" width=\"489\" height=\"366\" srcset=\"https:\/\/projectes.xtec.cat\/integrafp\/wp-content\/uploads\/usu2419\/2023\/03\/dosif_solids1_1024.jpg 1024w, https:\/\/projectes.xtec.cat\/integrafp\/wp-content\/uploads\/usu2419\/2023\/03\/dosif_solids1_1024-300x224.jpg 300w, https:\/\/projectes.xtec.cat\/integrafp\/wp-content\/uploads\/usu2419\/2023\/03\/dosif_solids1_1024-768x575.jpg 768w, https:\/\/projectes.xtec.cat\/integrafp\/wp-content\/uploads\/usu2419\/2023\/03\/dosif_solids1_1024-200x150.jpg 200w\" sizes=\"auto, (max-width: 489px) 100vw, 489px\" \/><\/a> <a href=\"https:\/\/projectes.xtec.cat\/integrafp\/wp-content\/uploads\/usu2419\/2023\/03\/dosif_solids_2.jpg\"><img loading=\"lazy\" decoding=\"async\" class=\"alignnone wp-image-10663\" src=\"https:\/\/projectes.xtec.cat\/integrafp\/wp-content\/uploads\/usu2419\/2023\/03\/dosif_solids_2.jpg\" alt=\"\" width=\"489\" height=\"366\" srcset=\"https:\/\/projectes.xtec.cat\/integrafp\/wp-content\/uploads\/usu2419\/2023\/03\/dosif_solids_2.jpg 1024w, https:\/\/projectes.xtec.cat\/integrafp\/wp-content\/uploads\/usu2419\/2023\/03\/dosif_solids_2-300x224.jpg 300w, https:\/\/projectes.xtec.cat\/integrafp\/wp-content\/uploads\/usu2419\/2023\/03\/dosif_solids_2-768x575.jpg 768w, https:\/\/projectes.xtec.cat\/integrafp\/wp-content\/uploads\/usu2419\/2023\/03\/dosif_solids_2-200x150.jpg 200w\" sizes=\"auto, (max-width: 489px) 100vw, 489px\" \/><\/a><\/p>\n<p>A m\u00e9s a m\u00e9s, per tal de millorar les habilitats de comunicaci\u00f3 i compet\u00e8ncies digitals, l&#8217;alumnat explica a la resta dels\/les companys\/es de curs els resultats obtinguts.<\/p>\n","protected":false},"excerpt":{"rendered":"<p>El passat 11 de gener vam engegar el Certificat de professionalitat de nivell 2 QUIE0408 Operacions de moviments i lliurament de productes en la ind\u00fastria qu\u00edmica.<br \/>\nAquest Certificat el cursen 15 alumnes que estan en situaci\u00f3 d\u2019atur o inscrits al SOC com a demandants d\u2019ocupaci\u00f3.<br \/>\nUna de&hellip;  <a href=\"https:\/\/projectes.xtec.cat\/integrafp\/general\/ins-comte-de-rius-arrenca-el-certificat-de-professionalitat-de-nivell-2-de-lambit-de-proces-quimic\/\" title=\"Read INS Comte de Rius: Arrenca el Certificat de professionalitat de nivell 2 de l\u2019\u00e0mbit de PROC\u00c9S QU\u00cdMIC.\">Llegeix m\u00e9s\u00bb<\/a><\/p>\n","protected":false},"author":50,"featured_media":10663,"comment_status":"open","ping_status":"closed","sticky":false,"template":"","format":"standard","meta":{"_bbp_topic_count":0,"_bbp_reply_count":0,"_bbp_total_topic_count":0,"_bbp_total_reply_count":0,"_bbp_voice_count":0,"_bbp_anonymous_reply_count":0,"_bbp_topic_count_hidden":0,"_bbp_reply_count_hidden":0,"_bbp_forum_subforum_count":0,"footnotes":""},"categories":[154,1,29],"tags":[299,317],"class_list":["post-10662","post","type-post","status-publish","format-standard","has-post-thumbnail","hentry","category-formacio","category-general","category-portada","tag-provincia-tarragona","tag-quimica"],"post_mailing_queue_ids":[],"_links":{"self":[{"href":"https:\/\/projectes.xtec.cat\/integrafp\/wp-json\/wp\/v2\/posts\/10662","targetHints":{"allow":["GET"]}}],"collection":[{"href":"https:\/\/projectes.xtec.cat\/integrafp\/wp-json\/wp\/v2\/posts"}],"about":[{"href":"https:\/\/projectes.xtec.cat\/integrafp\/wp-json\/wp\/v2\/types\/post"}],"author":[{"embeddable":true,"href":"https:\/\/projectes.xtec.cat\/integrafp\/wp-json\/wp\/v2\/users\/50"}],"replies":[{"embeddable":true,"href":"https:\/\/projectes.xtec.cat\/integrafp\/wp-json\/wp\/v2\/comments?post=10662"}],"version-history":[{"count":3,"href":"https:\/\/projectes.xtec.cat\/integrafp\/wp-json\/wp\/v2\/posts\/10662\/revisions"}],"predecessor-version":[{"id":10673,"href":"https:\/\/projectes.xtec.cat\/integrafp\/wp-json\/wp\/v2\/posts\/10662\/revisions\/10673"}],"wp:featuredmedia":[{"embeddable":true,"href":"https:\/\/projectes.xtec.cat\/integrafp\/wp-json\/wp\/v2\/media\/10663"}],"wp:attachment":[{"href":"https:\/\/projectes.xtec.cat\/integrafp\/wp-json\/wp\/v2\/media?parent=10662"}],"wp:term":[{"taxonomy":"category","embeddable":true,"href":"https:\/\/projectes.xtec.cat\/integrafp\/wp-json\/wp\/v2\/categories?post=10662"},{"taxonomy":"post_tag","embeddable":true,"href":"https:\/\/projectes.xtec.cat\/integrafp\/wp-json\/wp\/v2\/tags?post=10662"}],"curies":[{"name":"wp","href":"https:\/\/api.w.org\/{rel}","templated":true}]}}