{"id":10739,"date":"2023-05-15T20:40:23","date_gmt":"2023-05-15T18:40:23","guid":{"rendered":"https:\/\/projectes.xtec.cat\/integrafp\/?p=10739"},"modified":"2023-05-15T20:41:20","modified_gmt":"2023-05-15T18:41:20","slug":"projecte-col%c2%b7laboratiu-mecanitzacio","status":"publish","type":"post","link":"https:\/\/projectes.xtec.cat\/integrafp\/general\/projecte-col%c2%b7laboratiu-mecanitzacio\/","title":{"rendered":"PROJECTE COL\u00b7LABORATIU: Mecanitzaci\u00f3"},"content":{"rendered":"<p>Els alumnes del CP de Mecanitzaci\u00f3 per arrencament de ferritja (FMEH0109) ja estan ultimant els detalls per acabar amb la mecanitzaci\u00f3 de les peces del projecte conjunt entre l\u2019Institut Llu\u00eds Dom\u00e8nech i Montaner de Reus, i l\u2019Institut de Vic.<\/p>\n<p>L&#8217;Objectiu de l\u2019activitat proposada, \u00e9s la de la mecanitzaci\u00f3 d\u2019una part del conjunt en una m\u00e0quina de control num\u00e8ric. En tot moment, cal seguir les indicacions del pl\u00e0nol, respectar mides i toler\u00e0ncies de manera que la part del conjunt mecanitzada compleixi la seva funcionalitat. L\u2019activitat s\u2019ha de realitzar de forma col\u00b7laborativa amb tot el grup classe.<\/p>\n<p>El conjunt a mecanitzar est\u00e0 format per dues peces se s\u2019acoblen entre elles. La mecanitzaci\u00f3 del conjunt es realitza en col\u00b7laboraci\u00f3 dels alumnes dos centres que participin a la Xarxa 1 de IntegraFP. Un centre realitza el mascle i l\u2019altre la femella. El resultat, i acoblament de les dues parts es far\u00e0 a la propera trobada presencial de la xarxa IntegraFP.<\/p>\n<p>Com es pot observar en les imatges, han estat quatre setmanes intenses en qu\u00e8 els alumnes han encarat el repte amb molta il\u00b7lusi\u00f3, i la prova de tot plegat es pot observar en el resultat final assolit.<a href=\"https:\/\/projectes.xtec.cat\/integrafp\/wp-content\/uploads\/usu2419\/2023\/05\/1.jpg\"><img loading=\"lazy\" decoding=\"async\" class=\"alignnone size-large wp-image-10741\" src=\"https:\/\/projectes.xtec.cat\/integrafp\/wp-content\/uploads\/usu2419\/2023\/05\/1-769x1024.jpg\" alt=\"\" width=\"769\" height=\"1024\" srcset=\"https:\/\/projectes.xtec.cat\/integrafp\/wp-content\/uploads\/usu2419\/2023\/05\/1-769x1024.jpg 769w, https:\/\/projectes.xtec.cat\/integrafp\/wp-content\/uploads\/usu2419\/2023\/05\/1-225x300.jpg 225w, https:\/\/projectes.xtec.cat\/integrafp\/wp-content\/uploads\/usu2419\/2023\/05\/1-768x1023.jpg 768w, https:\/\/projectes.xtec.cat\/integrafp\/wp-content\/uploads\/usu2419\/2023\/05\/1-1153x1536.jpg 1153w, https:\/\/projectes.xtec.cat\/integrafp\/wp-content\/uploads\/usu2419\/2023\/05\/1.jpg 1201w\" sizes=\"auto, (max-width: 769px) 100vw, 769px\" \/><\/a><\/p>\n","protected":false},"excerpt":{"rendered":"<p>Els alumnes del CP de Mecanitzaci\u00f3 per arrencament de ferritja (FMEH0109) ja estan ultimant els detalls per acabar amb la mecanitzaci\u00f3 de les peces del projecte conjunt entre l\u2019Institut Llu\u00eds Dom\u00e8nech i Montaner de Reus, i l\u2019Institut de Vic.<br \/>\nL&#8217;Objectiu de l\u2019activitat proposada, \u00e9s la de&hellip;  <a href=\"https:\/\/projectes.xtec.cat\/integrafp\/general\/projecte-col%c2%b7laboratiu-mecanitzacio\/\" title=\"Read PROJECTE COL\u00b7LABORATIU: Mecanitzaci\u00f3\">Llegeix m\u00e9s\u00bb<\/a><\/p>\n","protected":false},"author":31,"featured_media":10741,"comment_status":"open","ping_status":"closed","sticky":false,"template":"","format":"standard","meta":{"_bbp_topic_count":0,"_bbp_reply_count":0,"_bbp_total_topic_count":0,"_bbp_total_reply_count":0,"_bbp_voice_count":0,"_bbp_anonymous_reply_count":0,"_bbp_topic_count_hidden":0,"_bbp_reply_count_hidden":0,"_bbp_forum_subforum_count":0,"footnotes":""},"categories":[154,1,29],"tags":[329],"class_list":["post-10739","post","type-post","status-publish","format-standard","has-post-thumbnail","hentry","category-formacio","category-general","category-portada","tag-projectecollaboratiu"],"post_mailing_queue_ids":[],"_links":{"self":[{"href":"https:\/\/projectes.xtec.cat\/integrafp\/wp-json\/wp\/v2\/posts\/10739","targetHints":{"allow":["GET"]}}],"collection":[{"href":"https:\/\/projectes.xtec.cat\/integrafp\/wp-json\/wp\/v2\/posts"}],"about":[{"href":"https:\/\/projectes.xtec.cat\/integrafp\/wp-json\/wp\/v2\/types\/post"}],"author":[{"embeddable":true,"href":"https:\/\/projectes.xtec.cat\/integrafp\/wp-json\/wp\/v2\/users\/31"}],"replies":[{"embeddable":true,"href":"https:\/\/projectes.xtec.cat\/integrafp\/wp-json\/wp\/v2\/comments?post=10739"}],"version-history":[{"count":3,"href":"https:\/\/projectes.xtec.cat\/integrafp\/wp-json\/wp\/v2\/posts\/10739\/revisions"}],"predecessor-version":[{"id":10769,"href":"https:\/\/projectes.xtec.cat\/integrafp\/wp-json\/wp\/v2\/posts\/10739\/revisions\/10769"}],"wp:featuredmedia":[{"embeddable":true,"href":"https:\/\/projectes.xtec.cat\/integrafp\/wp-json\/wp\/v2\/media\/10741"}],"wp:attachment":[{"href":"https:\/\/projectes.xtec.cat\/integrafp\/wp-json\/wp\/v2\/media?parent=10739"}],"wp:term":[{"taxonomy":"category","embeddable":true,"href":"https:\/\/projectes.xtec.cat\/integrafp\/wp-json\/wp\/v2\/categories?post=10739"},{"taxonomy":"post_tag","embeddable":true,"href":"https:\/\/projectes.xtec.cat\/integrafp\/wp-json\/wp\/v2\/tags?post=10739"}],"curies":[{"name":"wp","href":"https:\/\/api.w.org\/{rel}","templated":true}]}}