{"id":10776,"date":"2023-05-18T12:42:23","date_gmt":"2023-05-18T10:42:23","guid":{"rendered":"https:\/\/projectes.xtec.cat\/integrafp\/?p=10776"},"modified":"2023-06-13T14:19:44","modified_gmt":"2023-06-13T12:19:44","slug":"sessio-4-xarxes","status":"publish","type":"post","link":"https:\/\/projectes.xtec.cat\/integrafp\/general\/sessio-4-xarxes\/","title":{"rendered":"Sessi\u00f3 4 Xarxes IntegraFP"},"content":{"rendered":"<p>El passat dimarts 16 de maig, de 9:30h a 12:30h, es va realitzar la quarta sessi\u00f3 de les Xarxes 1 i 2 d&#8217;IntegraFP.<\/p>\n<p><a href=\"https:\/\/projectes.xtec.cat\/integrafp\/wp-content\/uploads\/usu2419\/2023\/05\/IMG_4983-scaled.jpg\"><img loading=\"lazy\" decoding=\"async\" class=\"alignnone wp-image-10783\" src=\"https:\/\/projectes.xtec.cat\/integrafp\/wp-content\/uploads\/usu2419\/2023\/05\/IMG_4983-1024x520.jpg\" alt=\"\" width=\"415\" height=\"211\" srcset=\"https:\/\/projectes.xtec.cat\/integrafp\/wp-content\/uploads\/usu2419\/2023\/05\/IMG_4983-1024x520.jpg 1024w, https:\/\/projectes.xtec.cat\/integrafp\/wp-content\/uploads\/usu2419\/2023\/05\/IMG_4983-300x152.jpg 300w, https:\/\/projectes.xtec.cat\/integrafp\/wp-content\/uploads\/usu2419\/2023\/05\/IMG_4983-768x390.jpg 768w, https:\/\/projectes.xtec.cat\/integrafp\/wp-content\/uploads\/usu2419\/2023\/05\/IMG_4983-1536x780.jpg 1536w, https:\/\/projectes.xtec.cat\/integrafp\/wp-content\/uploads\/usu2419\/2023\/05\/IMG_4983-2048x1040.jpg 2048w\" sizes=\"auto, (max-width: 415px) 100vw, 415px\" \/><\/a><\/p>\n<p>La primera part de la sessi\u00f3 es va destinar a explicar el contingut sobre el tancament i la justificaci\u00f3 de les accions, considerant tamb\u00e9 la part econ\u00f2mica, i es va donar veu als Centres, que van participar activament amb la resoluci\u00f3 de dubtes i q\u00fcestions dels temes plantejats.<\/p>\n<p>A la segona part, van tenir el protagonisme aquells centres de la Xarxa 1 que van fer projectes col\u00b7laboratius, presentant:<\/p>\n<ul>\n<li>Projecte 2: Depuraci\u00f3 de l\u2019aigua mitjan\u00e7ant llacunes per utilitzar-la com a aigua de reg (dels INS Comte Rius i INS La Bisbal)<\/li>\n<li>Projecte 4: Programaci\u00f3 CNC ISO en 2 eixos (dels INS Vic i INS Llu\u00eds Dom\u00e8nech i Montaner de Reus)<\/li>\n<li>Projecte 7: Creaci\u00f3 d&#8217;un full de ruta (dels INS La Segarra, INS Dertosa i INS Serrallarga)<\/li>\n<li><span style=\"font-family: inherit; font-size: 1em;\">Projecte 8: P\u00e0gina web per la previsi\u00f3 de resultats de futbol (de l&#8217;INS Montilivi)<\/span><\/li>\n<\/ul>\n<p>D&#8217;aquests, el m\u00e9s ben valorat pels assistents va ser el multidisciplinari (projecte 2). Enhorabona! Igualment agrair a tots els centres la vostra implicaci\u00f3 en l&#8217;activitat. Junts fem xarxa!<\/p>\n<p>Per acabar la sessi\u00f3, es va fer un Kahoot amb preguntes sobre la gesti\u00f3 dels cursos de Certificats de Professionalitat, conceptes que s&#8217;han anat treballant en el marc de totes les sessions formatives. Felicitats als guanyadors!<\/p>\n<p><a href=\"https:\/\/projectes.xtec.cat\/integrafp\/wp-content\/uploads\/usu2419\/2023\/05\/IMG_4990.jpg\"><img loading=\"lazy\" decoding=\"async\" class=\"alignnone wp-image-10784\" src=\"https:\/\/projectes.xtec.cat\/integrafp\/wp-content\/uploads\/usu2419\/2023\/05\/IMG_4990-1024x664.jpg\" alt=\"\" width=\"391\" height=\"254\" srcset=\"https:\/\/projectes.xtec.cat\/integrafp\/wp-content\/uploads\/usu2419\/2023\/05\/IMG_4990-1024x664.jpg 1024w, https:\/\/projectes.xtec.cat\/integrafp\/wp-content\/uploads\/usu2419\/2023\/05\/IMG_4990-300x195.jpg 300w, https:\/\/projectes.xtec.cat\/integrafp\/wp-content\/uploads\/usu2419\/2023\/05\/IMG_4990-768x498.jpg 768w, https:\/\/projectes.xtec.cat\/integrafp\/wp-content\/uploads\/usu2419\/2023\/05\/IMG_4990-1536x996.jpg 1536w, https:\/\/projectes.xtec.cat\/integrafp\/wp-content\/uploads\/usu2419\/2023\/05\/IMG_4990.jpg 2015w\" sizes=\"auto, (max-width: 391px) 100vw, 391px\" \/><\/a><\/p>\n<p>Agra\u00efm als\/les representants dels equips directius i coordinadors\/es dels cursos, la vostra participaci\u00f3 a la quarta sessi\u00f3 de les Xarxes 1 i 2 INTEGRA FP.<\/p>\n<p>Salutacions,<\/p>\n<p>Equip IntegraFP<\/p>\n","protected":false},"excerpt":{"rendered":"<p>El passat dimarts 16 de maig, de 9:30h a 12:30h, es va realitzar la quarta sessi\u00f3 de les Xarxes 1 i 2 d&#8217;IntegraFP.<br \/>\n<a href=\"https:\/\/projectes.xtec.cat\/integrafp\/wp-content\/uploads\/usu2419\/2023\/05\/IMG_4983-scaled.jpg\"><\/a><br \/>\nLa primera part de la sessi\u00f3 es va destinar a explicar el contingut sobre el tancament i la justificaci\u00f3 de les accions,&hellip;  <a href=\"https:\/\/projectes.xtec.cat\/integrafp\/general\/sessio-4-xarxes\/\" title=\"Read Sessi\u00f3 4 Xarxes IntegraFP\">Llegeix m\u00e9s\u00bb<\/a><\/p>\n","protected":false},"author":44,"featured_media":10784,"comment_status":"open","ping_status":"closed","sticky":false,"template":"","format":"standard","meta":{"_bbp_topic_count":0,"_bbp_reply_count":0,"_bbp_total_topic_count":0,"_bbp_total_reply_count":0,"_bbp_voice_count":0,"_bbp_anonymous_reply_count":0,"_bbp_topic_count_hidden":0,"_bbp_reply_count_hidden":0,"_bbp_forum_subforum_count":0,"footnotes":""},"categories":[154,1,29],"tags":[329,330],"class_list":["post-10776","post","type-post","status-publish","format-standard","has-post-thumbnail","hentry","category-formacio","category-general","category-portada","tag-projectecollaboratiu","tag-projectemultidisciplinar"],"post_mailing_queue_ids":[],"_links":{"self":[{"href":"https:\/\/projectes.xtec.cat\/integrafp\/wp-json\/wp\/v2\/posts\/10776","targetHints":{"allow":["GET"]}}],"collection":[{"href":"https:\/\/projectes.xtec.cat\/integrafp\/wp-json\/wp\/v2\/posts"}],"about":[{"href":"https:\/\/projectes.xtec.cat\/integrafp\/wp-json\/wp\/v2\/types\/post"}],"author":[{"embeddable":true,"href":"https:\/\/projectes.xtec.cat\/integrafp\/wp-json\/wp\/v2\/users\/44"}],"replies":[{"embeddable":true,"href":"https:\/\/projectes.xtec.cat\/integrafp\/wp-json\/wp\/v2\/comments?post=10776"}],"version-history":[{"count":3,"href":"https:\/\/projectes.xtec.cat\/integrafp\/wp-json\/wp\/v2\/posts\/10776\/revisions"}],"predecessor-version":[{"id":10791,"href":"https:\/\/projectes.xtec.cat\/integrafp\/wp-json\/wp\/v2\/posts\/10776\/revisions\/10791"}],"wp:featuredmedia":[{"embeddable":true,"href":"https:\/\/projectes.xtec.cat\/integrafp\/wp-json\/wp\/v2\/media\/10784"}],"wp:attachment":[{"href":"https:\/\/projectes.xtec.cat\/integrafp\/wp-json\/wp\/v2\/media?parent=10776"}],"wp:term":[{"taxonomy":"category","embeddable":true,"href":"https:\/\/projectes.xtec.cat\/integrafp\/wp-json\/wp\/v2\/categories?post=10776"},{"taxonomy":"post_tag","embeddable":true,"href":"https:\/\/projectes.xtec.cat\/integrafp\/wp-json\/wp\/v2\/tags?post=10776"}],"curies":[{"name":"wp","href":"https:\/\/api.w.org\/{rel}","templated":true}]}}