{"id":10792,"date":"2023-05-24T09:31:09","date_gmt":"2023-05-24T07:31:09","guid":{"rendered":"https:\/\/projectes.xtec.cat\/integrafp\/?p=10792"},"modified":"2023-06-28T10:57:20","modified_gmt":"2023-06-28T08:57:20","slug":"ins-pere-martell-finalitzat-el-cp-de-muntatge-i-postproduccio-daudiovisuals","status":"publish","type":"post","link":"https:\/\/projectes.xtec.cat\/integrafp\/general\/ins-pere-martell-finalitzat-el-cp-de-muntatge-i-postproduccio-daudiovisuals\/","title":{"rendered":"INS Pere Martell: Finalitzat el CP de Muntatge i postproducci\u00f3 d&#8217;audiovisuals"},"content":{"rendered":"<div>La setmana passada va acabar la formaci\u00f3 al centre del curs de professionalitat de muntatge i postproducci\u00f3 d&#8217;audiovisuals a l&#8217;Institut Pere Martell de Tarragona. Encara que ens fa pena deixar-los marxar ara toca que els alumnes acabin la seva formaci\u00f3 en les empreses.<\/div>\n<div><\/div>\n<div>En les imatges una activitat d&#8217;integraci\u00f3 3D amb Fusion amb el formador @x_xavier_perez_x.<\/div>\n<div><\/div>\n<div>@institperemartell<\/div>\n<div>@integrafp<\/div>\n<div><a href=\"https:\/\/drive.google.com\/file\/d\/1oxEIHF37GysshzohfGct9F0t3IGn7_WL\/view?usp=sharing\">V\u00eddeo<\/a><\/div>\n","protected":false},"excerpt":{"rendered":"<p>La setmana passada va acabar la formaci\u00f3 al centre del curs de professionalitat de muntatge i postproducci\u00f3 d&#8217;audiovisuals a l&#8217;Institut Pere Martell de Tarragona. Encara que ens fa pena deixar-los marxar ara toca que els alumnes acabin la seva formaci\u00f3 en les empreses.<\/p>\n<p>En les imatges&hellip;  <a href=\"https:\/\/projectes.xtec.cat\/integrafp\/general\/ins-pere-martell-finalitzat-el-cp-de-muntatge-i-postproduccio-daudiovisuals\/\" title=\"Read INS Pere Martell: Finalitzat el CP de Muntatge i postproducci\u00f3 d&#8217;audiovisuals\">Llegeix m\u00e9s\u00bb<\/a><\/p>\n","protected":false},"author":60,"featured_media":0,"comment_status":"open","ping_status":"closed","sticky":false,"template":"","format":"standard","meta":{"_bbp_topic_count":0,"_bbp_reply_count":0,"_bbp_total_topic_count":0,"_bbp_total_reply_count":0,"_bbp_voice_count":0,"_bbp_anonymous_reply_count":0,"_bbp_topic_count_hidden":0,"_bbp_reply_count_hidden":0,"_bbp_forum_subforum_count":0,"footnotes":""},"categories":[154,1,29],"tags":[288,299],"class_list":["post-10792","post","type-post","status-publish","format-standard","hentry","category-formacio","category-general","category-portada","tag-imatge-i-so","tag-provincia-tarragona"],"post_mailing_queue_ids":[],"_links":{"self":[{"href":"https:\/\/projectes.xtec.cat\/integrafp\/wp-json\/wp\/v2\/posts\/10792","targetHints":{"allow":["GET"]}}],"collection":[{"href":"https:\/\/projectes.xtec.cat\/integrafp\/wp-json\/wp\/v2\/posts"}],"about":[{"href":"https:\/\/projectes.xtec.cat\/integrafp\/wp-json\/wp\/v2\/types\/post"}],"author":[{"embeddable":true,"href":"https:\/\/projectes.xtec.cat\/integrafp\/wp-json\/wp\/v2\/users\/60"}],"replies":[{"embeddable":true,"href":"https:\/\/projectes.xtec.cat\/integrafp\/wp-json\/wp\/v2\/comments?post=10792"}],"version-history":[{"count":2,"href":"https:\/\/projectes.xtec.cat\/integrafp\/wp-json\/wp\/v2\/posts\/10792\/revisions"}],"predecessor-version":[{"id":10795,"href":"https:\/\/projectes.xtec.cat\/integrafp\/wp-json\/wp\/v2\/posts\/10792\/revisions\/10795"}],"wp:attachment":[{"href":"https:\/\/projectes.xtec.cat\/integrafp\/wp-json\/wp\/v2\/media?parent=10792"}],"wp:term":[{"taxonomy":"category","embeddable":true,"href":"https:\/\/projectes.xtec.cat\/integrafp\/wp-json\/wp\/v2\/categories?post=10792"},{"taxonomy":"post_tag","embeddable":true,"href":"https:\/\/projectes.xtec.cat\/integrafp\/wp-json\/wp\/v2\/tags?post=10792"}],"curies":[{"name":"wp","href":"https:\/\/api.w.org\/{rel}","templated":true}]}}