{"id":10889,"date":"2023-07-10T14:10:07","date_gmt":"2023-07-10T12:10:07","guid":{"rendered":"https:\/\/projectes.xtec.cat\/integrafp\/?p=10889"},"modified":"2023-09-04T11:20:27","modified_gmt":"2023-09-04T09:20:27","slug":"presentacio-dels-cps-a-linstitut-de-mollerussa","status":"publish","type":"post","link":"https:\/\/projectes.xtec.cat\/integrafp\/general\/presentacio-dels-cps-a-linstitut-de-mollerussa\/","title":{"rendered":"Presentaci\u00f3 dels CPs a l&#8217;Institut de Mollerussa"},"content":{"rendered":"<p>Dimarts 4 de juliol, vam estar a l\u2019Institut de Mollerussa on vam reunir als centres d\u2019FP del SSTT de Lleida, Alt Pirineu i Aran.<\/p>\n<p>Volem agrair la rebuda de l\u2019Institut de Mollerussa que ens va cedir les seves instal\u00b7lacions per poder dur a terme aquesta presentaci\u00f3 als instituts del territori.<\/p>\n<p>El Director de l&#8217;Institut Mollerussa, Antonio Reig i Torn\u00e9, va donar la benvinguda als representats de tots els centres i a l\u2019equip del projecte, i ens va oferir un recorregut per les instal\u00b7lacions, un cop finalitzada la reuni\u00f3.<\/p>\n<p>L\u2019equip d\u2019IntegraFP, va mostrar quina ha estat la traject\u00f2ria del projecte i com ha anat incrementant la participaci\u00f3, fins a l\u2019actual conveni 3, on en aquesta primera fase, est\u00e0 programada la intervenci\u00f3 de 61 centres que oferiran un total de 209 CPs.<\/p>\n<p>El Cap de Secci\u00f3 de Programes de Formaci\u00f3 Sr. Carles Garc\u00eda i Cubero va explicar que comporten els CPs i quins s\u00f3n els requisits per accedir-hi.<\/p>\n<p>El Jose Antonio Martins, T\u00e8cnic Superior de gesti\u00f3 econ\u00f2mica i administrativa, va informar als instituts sobre els aspectes a tenir en compte per repartir els c\u00e0rrecs de coordinaci\u00f3 i doc\u00e8ncia dels CPs, a m\u00e9s dels aspectes m\u00e9s rellevants de la tasca econ\u00f2mica.<\/p>\n<p>Despr\u00e9s d\u2019informar sobre les necessitats formatives del territori per fam\u00edlies professionals, la Sra. M. \u00c0ngels P\u00e9rez Munera, Directora de l\u2019Oficina de Treball de T\u00e0rrega, va explicar com fan la captaci\u00f3 d\u2019alumnes que acabaran adquirint una qualificaci\u00f3 professional mitjan\u00e7ant les certificacions professionals que s&#8217;imparteixen als instituts que participen al projecte IntegraFP.<\/p>\n<p>Per finalitzar la Coordinadora Pedag\u00f2gica de l\u2019institut, Araceli Carrera, ens va presentar de forma molt detallada perqu\u00e8 oferir un CP, l\u2019impacte que ha tingut a l\u2019Institut, els pros i contres, com fan la selecci\u00f3 de l\u2019alumnat i la gesti\u00f3 del dia a dia. Va finalitzar concloent que la valoraci\u00f3 que en fa \u00e9s positiva.<\/p>\n<p>Moltes gr\u00e0cies a tots pel vostre inter\u00e8s i implicaci\u00f3. Entre tots estem ampliant l\u2019oferta formativa a Catalunya i fent uns professionals competents!<a href=\"https:\/\/projectes.xtec.cat\/integrafp\/wp-content\/uploads\/usu2419\/2023\/07\/IMG-20230704-WA0001.jpg\"><img loading=\"lazy\" decoding=\"async\" class=\"alignnone size-large wp-image-10885\" src=\"https:\/\/projectes.xtec.cat\/integrafp\/wp-content\/uploads\/usu2419\/2023\/07\/IMG-20230704-WA0001-1024x768.jpg\" alt=\"\" width=\"1024\" height=\"768\" srcset=\"https:\/\/projectes.xtec.cat\/integrafp\/wp-content\/uploads\/usu2419\/2023\/07\/IMG-20230704-WA0001-1024x768.jpg 1024w, https:\/\/projectes.xtec.cat\/integrafp\/wp-content\/uploads\/usu2419\/2023\/07\/IMG-20230704-WA0001-300x225.jpg 300w, https:\/\/projectes.xtec.cat\/integrafp\/wp-content\/uploads\/usu2419\/2023\/07\/IMG-20230704-WA0001-768x576.jpg 768w, https:\/\/projectes.xtec.cat\/integrafp\/wp-content\/uploads\/usu2419\/2023\/07\/IMG-20230704-WA0001-1536x1152.jpg 1536w, https:\/\/projectes.xtec.cat\/integrafp\/wp-content\/uploads\/usu2419\/2023\/07\/IMG-20230704-WA0001-200x150.jpg 200w, https:\/\/projectes.xtec.cat\/integrafp\/wp-content\/uploads\/usu2419\/2023\/07\/IMG-20230704-WA0001.jpg 2000w\" sizes=\"auto, (max-width: 1024px) 100vw, 1024px\" \/><\/a><\/p>\n","protected":false},"excerpt":{"rendered":"<p>Dimarts 4 de juliol, vam estar a l\u2019Institut de Mollerussa on vam reunir als centres d\u2019FP del SSTT de Lleida, Alt Pirineu i Aran.<br \/>\nVolem agrair la rebuda de l\u2019Institut de Mollerussa que ens va cedir les seves instal\u00b7lacions per poder dur a terme aquesta presentaci\u00f3&hellip;  <a href=\"https:\/\/projectes.xtec.cat\/integrafp\/general\/presentacio-dels-cps-a-linstitut-de-mollerussa\/\" title=\"Read Presentaci\u00f3 dels CPs a l&#8217;Institut de Mollerussa\">Llegeix m\u00e9s\u00bb<\/a><\/p>\n","protected":false},"author":79,"featured_media":10885,"comment_status":"closed","ping_status":"closed","sticky":false,"template":"","format":"standard","meta":{"_bbp_topic_count":0,"_bbp_reply_count":0,"_bbp_total_topic_count":0,"_bbp_total_reply_count":0,"_bbp_voice_count":0,"_bbp_anonymous_reply_count":0,"_bbp_topic_count_hidden":0,"_bbp_reply_count_hidden":0,"_bbp_forum_subforum_count":0,"footnotes":""},"categories":[64,1,29],"tags":[],"class_list":["post-10889","post","type-post","status-publish","format-standard","has-post-thumbnail","hentry","category-comunitat","category-general","category-portada"],"post_mailing_queue_ids":[],"_links":{"self":[{"href":"https:\/\/projectes.xtec.cat\/integrafp\/wp-json\/wp\/v2\/posts\/10889","targetHints":{"allow":["GET"]}}],"collection":[{"href":"https:\/\/projectes.xtec.cat\/integrafp\/wp-json\/wp\/v2\/posts"}],"about":[{"href":"https:\/\/projectes.xtec.cat\/integrafp\/wp-json\/wp\/v2\/types\/post"}],"author":[{"embeddable":true,"href":"https:\/\/projectes.xtec.cat\/integrafp\/wp-json\/wp\/v2\/users\/79"}],"replies":[{"embeddable":true,"href":"https:\/\/projectes.xtec.cat\/integrafp\/wp-json\/wp\/v2\/comments?post=10889"}],"version-history":[{"count":3,"href":"https:\/\/projectes.xtec.cat\/integrafp\/wp-json\/wp\/v2\/posts\/10889\/revisions"}],"predecessor-version":[{"id":10893,"href":"https:\/\/projectes.xtec.cat\/integrafp\/wp-json\/wp\/v2\/posts\/10889\/revisions\/10893"}],"wp:featuredmedia":[{"embeddable":true,"href":"https:\/\/projectes.xtec.cat\/integrafp\/wp-json\/wp\/v2\/media\/10885"}],"wp:attachment":[{"href":"https:\/\/projectes.xtec.cat\/integrafp\/wp-json\/wp\/v2\/media?parent=10889"}],"wp:term":[{"taxonomy":"category","embeddable":true,"href":"https:\/\/projectes.xtec.cat\/integrafp\/wp-json\/wp\/v2\/categories?post=10889"},{"taxonomy":"post_tag","embeddable":true,"href":"https:\/\/projectes.xtec.cat\/integrafp\/wp-json\/wp\/v2\/tags?post=10889"}],"curies":[{"name":"wp","href":"https:\/\/api.w.org\/{rel}","templated":true}]}}