{"id":10896,"date":"2023-07-10T14:17:41","date_gmt":"2023-07-10T12:17:41","guid":{"rendered":"https:\/\/projectes.xtec.cat\/integrafp\/?p=10896"},"modified":"2023-09-04T11:20:32","modified_gmt":"2023-09-04T09:20:32","slug":"presentacio-de-la-segona-programacio-del-conveni-3-a-linstitut-jaume-huguet-de-valls","status":"publish","type":"post","link":"https:\/\/projectes.xtec.cat\/integrafp\/general\/presentacio-de-la-segona-programacio-del-conveni-3-a-linstitut-jaume-huguet-de-valls\/","title":{"rendered":"Presentaci\u00f3 de la Segona Programaci\u00f3 del Conveni 3 a l&#8217;Institut Jaume Huguet de Valls"},"content":{"rendered":"<p>El passat dia 29 de juny es va presentar la segona programaci\u00f3 del Conveni 3 per Certificats de Professionalitat a Tarragona. El centre que va acollir la presentaci\u00f3 va ser l\u2019Institut Jaume Huguet de Valls.<\/p>\n<p>La presentaci\u00f3 va anar a c\u00e0rrec del Departament d\u2019Educaci\u00f3 i del SOC, i hi van assistir la coordinadores de Formaci\u00f3 Professional dels dos Serveis Territorials, \u00a0personal de els oficines del SOC, i directors i directores\u00a0 i personal dels instituts convocats.<\/p>\n<p>L\u2019Institut Jaume Huguet de Valls ens va explicar la seva experi\u00e8ncia en la gesti\u00f3 i la doc\u00e8ncia dels Certificats de professionalitat. Des d\u2019aqu\u00ed els hi agra\u00efm la seva col\u00b7laboraci\u00f3 i la seva acollida.<\/p>\n","protected":false},"excerpt":{"rendered":"<p>El passat dia 29 de juny es va presentar la segona programaci\u00f3 del Conveni 3 per Certificats de Professionalitat a Tarragona. El centre que va acollir la presentaci\u00f3 va ser l\u2019Institut Jaume Huguet de Valls.<br \/>\nLa presentaci\u00f3 va anar a c\u00e0rrec del Departament d\u2019Educaci\u00f3 i del&hellip;  <a href=\"https:\/\/projectes.xtec.cat\/integrafp\/general\/presentacio-de-la-segona-programacio-del-conveni-3-a-linstitut-jaume-huguet-de-valls\/\" title=\"Read Presentaci\u00f3 de la Segona Programaci\u00f3 del Conveni 3 a l&#8217;Institut Jaume Huguet de Valls\">Llegeix m\u00e9s\u00bb<\/a><\/p>\n","protected":false},"author":77,"featured_media":0,"comment_status":"closed","ping_status":"closed","sticky":false,"template":"","format":"standard","meta":{"_bbp_topic_count":0,"_bbp_reply_count":0,"_bbp_total_topic_count":0,"_bbp_total_reply_count":0,"_bbp_voice_count":0,"_bbp_anonymous_reply_count":0,"_bbp_topic_count_hidden":0,"_bbp_reply_count_hidden":0,"_bbp_forum_subforum_count":0,"footnotes":""},"categories":[64,1,29],"tags":[],"class_list":["post-10896","post","type-post","status-publish","format-standard","hentry","category-comunitat","category-general","category-portada"],"post_mailing_queue_ids":[],"_links":{"self":[{"href":"https:\/\/projectes.xtec.cat\/integrafp\/wp-json\/wp\/v2\/posts\/10896","targetHints":{"allow":["GET"]}}],"collection":[{"href":"https:\/\/projectes.xtec.cat\/integrafp\/wp-json\/wp\/v2\/posts"}],"about":[{"href":"https:\/\/projectes.xtec.cat\/integrafp\/wp-json\/wp\/v2\/types\/post"}],"author":[{"embeddable":true,"href":"https:\/\/projectes.xtec.cat\/integrafp\/wp-json\/wp\/v2\/users\/77"}],"replies":[{"embeddable":true,"href":"https:\/\/projectes.xtec.cat\/integrafp\/wp-json\/wp\/v2\/comments?post=10896"}],"version-history":[{"count":1,"href":"https:\/\/projectes.xtec.cat\/integrafp\/wp-json\/wp\/v2\/posts\/10896\/revisions"}],"predecessor-version":[{"id":10897,"href":"https:\/\/projectes.xtec.cat\/integrafp\/wp-json\/wp\/v2\/posts\/10896\/revisions\/10897"}],"wp:attachment":[{"href":"https:\/\/projectes.xtec.cat\/integrafp\/wp-json\/wp\/v2\/media?parent=10896"}],"wp:term":[{"taxonomy":"category","embeddable":true,"href":"https:\/\/projectes.xtec.cat\/integrafp\/wp-json\/wp\/v2\/categories?post=10896"},{"taxonomy":"post_tag","embeddable":true,"href":"https:\/\/projectes.xtec.cat\/integrafp\/wp-json\/wp\/v2\/tags?post=10896"}],"curies":[{"name":"wp","href":"https:\/\/api.w.org\/{rel}","templated":true}]}}