{"id":10909,"date":"2023-07-11T10:49:09","date_gmt":"2023-07-11T08:49:09","guid":{"rendered":"https:\/\/projectes.xtec.cat\/integrafp\/?p=10909"},"modified":"2023-09-04T11:20:47","modified_gmt":"2023-09-04T09:20:47","slug":"presentacio-del-conveni-3-a-linstitut-montilivi-de-girona","status":"publish","type":"post","link":"https:\/\/projectes.xtec.cat\/integrafp\/general\/presentacio-del-conveni-3-a-linstitut-montilivi-de-girona\/","title":{"rendered":"Presentaci\u00f3 del Conveni 3 a l\u2019Institut Montilivi de Girona"},"content":{"rendered":"<p>L\u2019Institut Montilivi de Girona va ser el centre acollidor per a la presentaci\u00f3 de la 2a programaci\u00f3 del Conveni III, per a la promoci\u00f3 de l\u2019oferta de certificats professionals a les comarques gironines. L\u2019acte de presentaci\u00f3 va ser el proppassat 6 de juliol i va ser organitzat i presentat per personal directiu i t\u00e8cnic del Departament d\u2019Educaci\u00f3 i del SOC. Van participar tamb\u00e9 diferents directors\/es d\u2019Oficines de Treball del territori, aix\u00ed com professors del mateix institut acollidor, que van explicar la seva experi\u00e8ncia en Certificats de Professionalitat en edicions anterior<span style=\"font-family: inherit; font-size: 1em;\">s. La representant del Servei Territorial de la D.G. de Migracions va posar el punt final a les intervencions. Agra\u00efm la participaci\u00f3 de tots els centres que van assistir a aquesta presentaci\u00f3.<\/span><\/p>\n<p><img loading=\"lazy\" decoding=\"async\" class=\"alignnone size-large wp-image-10910\" src=\"https:\/\/projectes.xtec.cat\/integrafp\/wp-content\/uploads\/usu2419\/2023\/07\/IMG-20230711-WA0016-1024x768.jpg\" alt=\"\" width=\"1024\" height=\"768\" srcset=\"https:\/\/projectes.xtec.cat\/integrafp\/wp-content\/uploads\/usu2419\/2023\/07\/IMG-20230711-WA0016-1024x768.jpg 1024w, https:\/\/projectes.xtec.cat\/integrafp\/wp-content\/uploads\/usu2419\/2023\/07\/IMG-20230711-WA0016-300x225.jpg 300w, https:\/\/projectes.xtec.cat\/integrafp\/wp-content\/uploads\/usu2419\/2023\/07\/IMG-20230711-WA0016-768x576.jpg 768w, https:\/\/projectes.xtec.cat\/integrafp\/wp-content\/uploads\/usu2419\/2023\/07\/IMG-20230711-WA0016-1536x1152.jpg 1536w, https:\/\/projectes.xtec.cat\/integrafp\/wp-content\/uploads\/usu2419\/2023\/07\/IMG-20230711-WA0016-200x150.jpg 200w, https:\/\/projectes.xtec.cat\/integrafp\/wp-content\/uploads\/usu2419\/2023\/07\/IMG-20230711-WA0016.jpg 2048w\" sizes=\"auto, (max-width: 1024px) 100vw, 1024px\" \/><\/p>\n","protected":false},"excerpt":{"rendered":"<p>L\u2019Institut Montilivi de Girona va ser el centre acollidor per a la presentaci\u00f3 de la 2a programaci\u00f3 del Conveni III, per a la promoci\u00f3 de l\u2019oferta de certificats professionals a les comarques gironines. L\u2019acte de presentaci\u00f3 va ser el proppassat 6 de juliol i va&hellip;  <a href=\"https:\/\/projectes.xtec.cat\/integrafp\/general\/presentacio-del-conveni-3-a-linstitut-montilivi-de-girona\/\" title=\"Read Presentaci\u00f3 del Conveni 3 a l\u2019Institut Montilivi de Girona\">Llegeix m\u00e9s\u00bb<\/a><\/p>\n","protected":false},"author":67,"featured_media":10910,"comment_status":"open","ping_status":"closed","sticky":false,"template":"","format":"standard","meta":{"_bbp_topic_count":0,"_bbp_reply_count":0,"_bbp_total_topic_count":0,"_bbp_total_reply_count":0,"_bbp_voice_count":0,"_bbp_anonymous_reply_count":0,"_bbp_topic_count_hidden":0,"_bbp_reply_count_hidden":0,"_bbp_forum_subforum_count":0,"footnotes":""},"categories":[64,1,29],"tags":[],"class_list":["post-10909","post","type-post","status-publish","format-standard","has-post-thumbnail","hentry","category-comunitat","category-general","category-portada"],"post_mailing_queue_ids":[],"_links":{"self":[{"href":"https:\/\/projectes.xtec.cat\/integrafp\/wp-json\/wp\/v2\/posts\/10909","targetHints":{"allow":["GET"]}}],"collection":[{"href":"https:\/\/projectes.xtec.cat\/integrafp\/wp-json\/wp\/v2\/posts"}],"about":[{"href":"https:\/\/projectes.xtec.cat\/integrafp\/wp-json\/wp\/v2\/types\/post"}],"author":[{"embeddable":true,"href":"https:\/\/projectes.xtec.cat\/integrafp\/wp-json\/wp\/v2\/users\/67"}],"replies":[{"embeddable":true,"href":"https:\/\/projectes.xtec.cat\/integrafp\/wp-json\/wp\/v2\/comments?post=10909"}],"version-history":[{"count":2,"href":"https:\/\/projectes.xtec.cat\/integrafp\/wp-json\/wp\/v2\/posts\/10909\/revisions"}],"predecessor-version":[{"id":10913,"href":"https:\/\/projectes.xtec.cat\/integrafp\/wp-json\/wp\/v2\/posts\/10909\/revisions\/10913"}],"wp:featuredmedia":[{"embeddable":true,"href":"https:\/\/projectes.xtec.cat\/integrafp\/wp-json\/wp\/v2\/media\/10910"}],"wp:attachment":[{"href":"https:\/\/projectes.xtec.cat\/integrafp\/wp-json\/wp\/v2\/media?parent=10909"}],"wp:term":[{"taxonomy":"category","embeddable":true,"href":"https:\/\/projectes.xtec.cat\/integrafp\/wp-json\/wp\/v2\/categories?post=10909"},{"taxonomy":"post_tag","embeddable":true,"href":"https:\/\/projectes.xtec.cat\/integrafp\/wp-json\/wp\/v2\/tags?post=10909"}],"curies":[{"name":"wp","href":"https:\/\/api.w.org\/{rel}","templated":true}]}}