{"id":10918,"date":"2023-07-11T13:23:58","date_gmt":"2023-07-11T11:23:58","guid":{"rendered":"https:\/\/projectes.xtec.cat\/integrafp\/?p=10918"},"modified":"2023-09-04T11:21:00","modified_gmt":"2023-09-04T09:21:00","slug":"presentacio-conveni-3-a-linstitut-bernat-el-ferrer-de-molins-de-rei","status":"publish","type":"post","link":"https:\/\/projectes.xtec.cat\/integrafp\/general\/presentacio-conveni-3-a-linstitut-bernat-el-ferrer-de-molins-de-rei\/","title":{"rendered":"Presentaci\u00f3 Conveni 3 a l&#8217;Institut Bernat el Ferrer de Molins de Rei"},"content":{"rendered":"<p>Dijous 6 de juliol, vam estar a Molins de Rei, on vam reunir als centres d\u2019FP dels SSTTs del Pened\u00e8s i Baix Llobregat.<\/p>\n<p>Volem agrair la rebuda de l\u2019Institut Bernat el Ferrer que ens va cedir les seves instal\u00b7lacions per poder dur a terme aquesta presentaci\u00f3 als instituts del territori.<\/p>\n<p>El Director, Albert Grau, va donar la benvinguda als representats de tots els centres i a l\u2019equip del projecte.<\/p>\n<p>L\u2019equip d\u2019IntegraFP, va mostrar quina ha estat la traject\u00f2ria del projecte i com ha anat incrementant la participaci\u00f3, fins a l\u2019actual conveni 3, on en aquesta primera fase, est\u00e0 programada la intervenci\u00f3 de 61 centres que oferiran un total de 209 CPs.<\/p>\n<p>El <span class=\"ui-provider ga b c d e f g h i j k l m n o p q r s t u v w x y z ab ac ae af ag ah ai aj ak\" dir=\"ltr\">T\u00e8cnic serveis centrals del SOC,<\/span> Sr. David Sanchez va explicar que comporten els CPs i quins s\u00f3n els requisits per accedir-hi.<\/p>\n<p>Posteriorment l&#8217;equip IntegraFP vam informar als instituts sobre els aspectes a tenir en compte per repartir els c\u00e0rrecs de coordinaci\u00f3 i doc\u00e8ncia dels CPs, a m\u00e9s dels aspectes m\u00e9s rellevants de la tasca econ\u00f2mica.<\/p>\n<p>Despr\u00e9s d\u2019informar sobre les necessitats formatives del territori per fam\u00edlies professionals, la Sra. Montserrat Costa Pozo, Directora de l\u2019Oficina de Treball de Sant Feliu de Llobregat, va explicar com fan la captaci\u00f3 d\u2019alumnes que acabaran adquirint una qualificaci\u00f3 professional mitjan\u00e7ant les certificacions professionals que s\u2019imparteixen als instituts que participen al projecte IntegraFP.<\/p>\n<p>Per finalitzar els docents que han participat als CPs del Bernat el Ferrer ens van explicar quina havia estat la seva experi\u00e8ncia.<\/p>\n<p>Moltes gr\u00e0cies a tots pel vostre inter\u00e8s i implicaci\u00f3. Entre tots estem ampliant l\u2019oferta formativa a Catalunya i fent uns professionals competents!<\/p>\n<p><img loading=\"lazy\" decoding=\"async\" class=\"alignnone size-large wp-image-10923\" src=\"https:\/\/projectes.xtec.cat\/integrafp\/wp-content\/uploads\/usu2419\/2023\/07\/IMG-20230706-WA0012-1024x691.jpg\" alt=\"\" width=\"1024\" height=\"691\" srcset=\"https:\/\/projectes.xtec.cat\/integrafp\/wp-content\/uploads\/usu2419\/2023\/07\/IMG-20230706-WA0012-1024x691.jpg 1024w, https:\/\/projectes.xtec.cat\/integrafp\/wp-content\/uploads\/usu2419\/2023\/07\/IMG-20230706-WA0012-300x203.jpg 300w, https:\/\/projectes.xtec.cat\/integrafp\/wp-content\/uploads\/usu2419\/2023\/07\/IMG-20230706-WA0012-768x518.jpg 768w, https:\/\/projectes.xtec.cat\/integrafp\/wp-content\/uploads\/usu2419\/2023\/07\/IMG-20230706-WA0012-1536x1037.jpg 1536w, https:\/\/projectes.xtec.cat\/integrafp\/wp-content\/uploads\/usu2419\/2023\/07\/IMG-20230706-WA0012.jpg 1600w\" sizes=\"auto, (max-width: 1024px) 100vw, 1024px\" \/><\/p>\n","protected":false},"excerpt":{"rendered":"<p>Dijous 6 de juliol, vam estar a Molins de Rei, on vam reunir als centres d\u2019FP dels SSTTs del Pened\u00e8s i Baix Llobregat.<br \/>\nVolem agrair la rebuda de l\u2019Institut Bernat el Ferrer que ens va cedir les seves instal\u00b7lacions per poder dur a terme aquesta presentaci\u00f3&hellip;  <a href=\"https:\/\/projectes.xtec.cat\/integrafp\/general\/presentacio-conveni-3-a-linstitut-bernat-el-ferrer-de-molins-de-rei\/\" title=\"Read Presentaci\u00f3 Conveni 3 a l&#8217;Institut Bernat el Ferrer de Molins de Rei\">Llegeix m\u00e9s\u00bb<\/a><\/p>\n","protected":false},"author":79,"featured_media":10923,"comment_status":"open","ping_status":"closed","sticky":false,"template":"","format":"standard","meta":{"_bbp_topic_count":0,"_bbp_reply_count":0,"_bbp_total_topic_count":0,"_bbp_total_reply_count":0,"_bbp_voice_count":0,"_bbp_anonymous_reply_count":0,"_bbp_topic_count_hidden":0,"_bbp_reply_count_hidden":0,"_bbp_forum_subforum_count":0,"footnotes":""},"categories":[64,1,29],"tags":[],"class_list":["post-10918","post","type-post","status-publish","format-standard","has-post-thumbnail","hentry","category-comunitat","category-general","category-portada"],"post_mailing_queue_ids":[],"_links":{"self":[{"href":"https:\/\/projectes.xtec.cat\/integrafp\/wp-json\/wp\/v2\/posts\/10918","targetHints":{"allow":["GET"]}}],"collection":[{"href":"https:\/\/projectes.xtec.cat\/integrafp\/wp-json\/wp\/v2\/posts"}],"about":[{"href":"https:\/\/projectes.xtec.cat\/integrafp\/wp-json\/wp\/v2\/types\/post"}],"author":[{"embeddable":true,"href":"https:\/\/projectes.xtec.cat\/integrafp\/wp-json\/wp\/v2\/users\/79"}],"replies":[{"embeddable":true,"href":"https:\/\/projectes.xtec.cat\/integrafp\/wp-json\/wp\/v2\/comments?post=10918"}],"version-history":[{"count":2,"href":"https:\/\/projectes.xtec.cat\/integrafp\/wp-json\/wp\/v2\/posts\/10918\/revisions"}],"predecessor-version":[{"id":10924,"href":"https:\/\/projectes.xtec.cat\/integrafp\/wp-json\/wp\/v2\/posts\/10918\/revisions\/10924"}],"wp:featuredmedia":[{"embeddable":true,"href":"https:\/\/projectes.xtec.cat\/integrafp\/wp-json\/wp\/v2\/media\/10923"}],"wp:attachment":[{"href":"https:\/\/projectes.xtec.cat\/integrafp\/wp-json\/wp\/v2\/media?parent=10918"}],"wp:term":[{"taxonomy":"category","embeddable":true,"href":"https:\/\/projectes.xtec.cat\/integrafp\/wp-json\/wp\/v2\/categories?post=10918"},{"taxonomy":"post_tag","embeddable":true,"href":"https:\/\/projectes.xtec.cat\/integrafp\/wp-json\/wp\/v2\/tags?post=10918"}],"curies":[{"name":"wp","href":"https:\/\/api.w.org\/{rel}","templated":true}]}}