{"id":10979,"date":"2023-09-14T11:33:14","date_gmt":"2023-09-14T09:33:14","guid":{"rendered":"https:\/\/projectes.xtec.cat\/integrafp\/?p=10979"},"modified":"2023-10-04T14:31:59","modified_gmt":"2023-10-04T12:31:59","slug":"comenca-la-formacio-introduccio-a-la-gestio-de-certificats-de-professionalitat","status":"publish","type":"post","link":"https:\/\/projectes.xtec.cat\/integrafp\/general\/comenca-la-formacio-introduccio-a-la-gestio-de-certificats-de-professionalitat\/","title":{"rendered":"Comen\u00e7a la formaci\u00f3 &#8220;INTRODUCCI\u00d3 A LA GESTI\u00d3 DE CERTIFICATS DE PROFESSIONALITAT&#8221;"},"content":{"rendered":"<p>Des de la Unitat IntegraFP s&#8217;ha iniciat la formaci\u00f3 introduct\u00f2ria sobre la <em>Gesti\u00f3 de certificats de professionalitat<\/em> adre\u00e7ada a direccions, coordinacions de CPS, membres d&#8217;equip directius i professorat dels centres educatius del Departament d&#8217;educaci\u00f3 que es vulguin iniciar en l&#8217;\u00e0mbit de la gesti\u00f3 i desenvolupament de certificats de professionalitat. L&#8217;objectiu del qual \u00e9s con\u00e8ixer els conceptes b\u00e0sics del CPs, les eines TIC necess\u00e0ries, la gesti\u00f3 econ\u00f2mica, la documentaci\u00f3 associada a tot el proc\u00e9s, i el desplegament curricular, per tal de tenir una visi\u00f3 global de tot el projecte.<\/p>\n<p style=\"text-align: center;\"><a href=\"https:\/\/projectes.xtec.cat\/integrafp\/wp-content\/uploads\/usu2419\/2023\/09\/Introduccio-a-la-gestio-dels-CPs_page-0001.jpg\"><img loading=\"lazy\" decoding=\"async\" class=\"alignnone wp-image-10980\" src=\"https:\/\/projectes.xtec.cat\/integrafp\/wp-content\/uploads\/usu2419\/2023\/09\/Introduccio-a-la-gestio-dels-CPs_page-0001.jpg\" alt=\"\" width=\"548\" height=\"333\" srcset=\"https:\/\/projectes.xtec.cat\/integrafp\/wp-content\/uploads\/usu2419\/2023\/09\/Introduccio-a-la-gestio-dels-CPs_page-0001.jpg 931w, https:\/\/projectes.xtec.cat\/integrafp\/wp-content\/uploads\/usu2419\/2023\/09\/Introduccio-a-la-gestio-dels-CPs_page-0001-300x182.jpg 300w, https:\/\/projectes.xtec.cat\/integrafp\/wp-content\/uploads\/usu2419\/2023\/09\/Introduccio-a-la-gestio-dels-CPs_page-0001-768x467.jpg 768w\" sizes=\"auto, (max-width: 548px) 100vw, 548px\" \/><\/a><\/p>\n<p>Aquesta formaci\u00f3 t\u00e9 una durada de 45h distribu\u00efdes en 5 sessions d&#8217;assist\u00e8ncia telem\u00e0tica i treball aut\u00f2nom:<\/p>\n<ul>\n<li>M\u00f2dul 1: 12\/09\/23 de 16-19h<\/li>\n<li>M\u00f2dul 2: 19\/09\/23 de 16-18h<\/li>\n<li>M\u00f2dul 3: 03\/10\/23 de 16-18h<\/li>\n<li>M\u00f2dul 4: 10\/10\/23 de 16-18h<\/li>\n<li>M\u00f2dul 5: 24\/10\/23 de 16-18h<\/li>\n<\/ul>\n<p>Aquest dimarts dia 12 de setembre, es va fer la primera sessi\u00f3 de car\u00e0cter m\u00e9s introductori on hi van assistir m\u00e9s de 40 persones. Moltes gr\u00e0cies a tots\/es pel vostre inter\u00e8s i participaci\u00f3.<\/p>\n<p>Si us interessa aquesta formaci\u00f3, no dubteu en apuntar-vos a la propera edici\u00f3! Est\u00e0 previst tornar-la a fer al gener 2024.<\/p>\n<p>Equip IntegraFP<\/p>\n","protected":false},"excerpt":{"rendered":"<p>Des de la Unitat IntegraFP s&#8217;ha iniciat la formaci\u00f3 introduct\u00f2ria sobre la Gesti\u00f3 de certificats de professionalitat adre\u00e7ada a direccions, coordinacions de CPS, membres d&#8217;equip directius i professorat dels centres educatius del Departament d&#8217;educaci\u00f3 que es vulguin iniciar en l&#8217;\u00e0mbit de la gesti\u00f3 i desenvolupament&hellip;  <a href=\"https:\/\/projectes.xtec.cat\/integrafp\/general\/comenca-la-formacio-introduccio-a-la-gestio-de-certificats-de-professionalitat\/\" title=\"Read Comen\u00e7a la formaci\u00f3 &#8220;INTRODUCCI\u00d3 A LA GESTI\u00d3 DE CERTIFICATS DE PROFESSIONALITAT&#8221;\">Llegeix m\u00e9s\u00bb<\/a><\/p>\n","protected":false},"author":44,"featured_media":10980,"comment_status":"open","ping_status":"closed","sticky":false,"template":"","format":"standard","meta":{"_bbp_topic_count":0,"_bbp_reply_count":0,"_bbp_total_topic_count":0,"_bbp_total_reply_count":0,"_bbp_voice_count":0,"_bbp_anonymous_reply_count":0,"_bbp_topic_count_hidden":0,"_bbp_reply_count_hidden":0,"_bbp_forum_subforum_count":0,"footnotes":""},"categories":[64,154,1,29],"tags":[],"class_list":["post-10979","post","type-post","status-publish","format-standard","has-post-thumbnail","hentry","category-comunitat","category-formacio","category-general","category-portada"],"post_mailing_queue_ids":[],"_links":{"self":[{"href":"https:\/\/projectes.xtec.cat\/integrafp\/wp-json\/wp\/v2\/posts\/10979","targetHints":{"allow":["GET"]}}],"collection":[{"href":"https:\/\/projectes.xtec.cat\/integrafp\/wp-json\/wp\/v2\/posts"}],"about":[{"href":"https:\/\/projectes.xtec.cat\/integrafp\/wp-json\/wp\/v2\/types\/post"}],"author":[{"embeddable":true,"href":"https:\/\/projectes.xtec.cat\/integrafp\/wp-json\/wp\/v2\/users\/44"}],"replies":[{"embeddable":true,"href":"https:\/\/projectes.xtec.cat\/integrafp\/wp-json\/wp\/v2\/comments?post=10979"}],"version-history":[{"count":3,"href":"https:\/\/projectes.xtec.cat\/integrafp\/wp-json\/wp\/v2\/posts\/10979\/revisions"}],"predecessor-version":[{"id":11013,"href":"https:\/\/projectes.xtec.cat\/integrafp\/wp-json\/wp\/v2\/posts\/10979\/revisions\/11013"}],"wp:featuredmedia":[{"embeddable":true,"href":"https:\/\/projectes.xtec.cat\/integrafp\/wp-json\/wp\/v2\/media\/10980"}],"wp:attachment":[{"href":"https:\/\/projectes.xtec.cat\/integrafp\/wp-json\/wp\/v2\/media?parent=10979"}],"wp:term":[{"taxonomy":"category","embeddable":true,"href":"https:\/\/projectes.xtec.cat\/integrafp\/wp-json\/wp\/v2\/categories?post=10979"},{"taxonomy":"post_tag","embeddable":true,"href":"https:\/\/projectes.xtec.cat\/integrafp\/wp-json\/wp\/v2\/tags?post=10979"}],"curies":[{"name":"wp","href":"https:\/\/api.w.org\/{rel}","templated":true}]}}