{"id":11006,"date":"2023-10-04T13:50:19","date_gmt":"2023-10-04T11:50:19","guid":{"rendered":"https:\/\/projectes.xtec.cat\/integrafp\/?p=11006"},"modified":"2023-10-11T13:27:48","modified_gmt":"2023-10-11T11:27:48","slug":"tercera-sessio-de-la-formacio-introduccio-a-la-gestio-de-certificats-de-professionalitat","status":"publish","type":"post","link":"https:\/\/projectes.xtec.cat\/integrafp\/general\/tercera-sessio-de-la-formacio-introduccio-a-la-gestio-de-certificats-de-professionalitat\/","title":{"rendered":"Tercera sessi\u00f3 de la formaci\u00f3 &#8220;INTRODUCCI\u00d3 A LA GESTI\u00d3 DE CERTIFICATS DE PROFESSIONALITAT&#8221;"},"content":{"rendered":"<p>El passat dimarts dia 3 d&#8217;octubre de 2023, es va fer la tercera sessi\u00f3 de la formaci\u00f3 &#8220;Introducci\u00f3 a la gesti\u00f3 de CPs&#8221;. La sessi\u00f3 es va dividir en dos parts:<\/p>\n<ul>\n<li>Primera part: GESTI\u00d3 ECON\u00d2MICA<\/li>\n<\/ul>\n<p>En aquesta part de la sessi\u00f3 es va explicar el finan\u00e7ament dels certificats de professionalitat, les eines per la gesti\u00f3 econ\u00f2mica i la planificaci\u00f3 dels CPs, i la gesti\u00f3 del personal col\u00b7laborador.<\/p>\n<ul>\n<li>Segona part: GESTI\u00d3 DEL GIA-primeres fases<\/li>\n<\/ul>\n<p>La segona part de la sessi\u00f3 va consistir en exposar les fases inicials de l&#8217;aplicatiu GIA corresponents a l&#8217;acc\u00e9s, l&#8217;acreditaci\u00f3 i registre, la sol\u00b7licitud de les accions, la fase de pre-gesti\u00f3, la fase DL0, l&#8217;inici de les accions en DL1, i les altes i baixes alumnat DL2.<\/p>\n<p><a href=\"https:\/\/projectes.xtec.cat\/integrafp\/wp-content\/uploads\/usu2419\/2023\/10\/M3.jpg\"><img loading=\"lazy\" decoding=\"async\" class=\"alignnone size-large wp-image-11009\" src=\"https:\/\/projectes.xtec.cat\/integrafp\/wp-content\/uploads\/usu2419\/2023\/10\/M3-1024x535.jpg\" alt=\"\" width=\"1024\" height=\"535\" srcset=\"https:\/\/projectes.xtec.cat\/integrafp\/wp-content\/uploads\/usu2419\/2023\/10\/M3-1024x535.jpg 1024w, https:\/\/projectes.xtec.cat\/integrafp\/wp-content\/uploads\/usu2419\/2023\/10\/M3-300x157.jpg 300w, https:\/\/projectes.xtec.cat\/integrafp\/wp-content\/uploads\/usu2419\/2023\/10\/M3-768x401.jpg 768w, https:\/\/projectes.xtec.cat\/integrafp\/wp-content\/uploads\/usu2419\/2023\/10\/M3.jpg 1437w\" sizes=\"auto, (max-width: 1024px) 100vw, 1024px\" \/><\/a><\/p>\n<p>Si us interessa aquesta formaci\u00f3, no dubteu en apuntar-vos a la propera edici\u00f3! Est\u00e0 previst tornar-la a fer al gener 2024.<\/p>\n<p>Equip IntegraFP<\/p>\n","protected":false},"excerpt":{"rendered":"<p>El passat dimarts dia 3 d&#8217;octubre de 2023, es va fer la tercera sessi\u00f3 de la formaci\u00f3 &#8220;Introducci\u00f3 a la gesti\u00f3 de CPs&#8221;. La sessi\u00f3 es va dividir en dos parts:<\/p>\n<ul>\n<li>Primera part: GESTI\u00d3 ECON\u00d2MICA<\/li>\n<\/ul>\n<p>En aquesta part de la sessi\u00f3 es va explicar el finan\u00e7ament dels&hellip;  <a href=\"https:\/\/projectes.xtec.cat\/integrafp\/general\/tercera-sessio-de-la-formacio-introduccio-a-la-gestio-de-certificats-de-professionalitat\/\" title=\"Read Tercera sessi\u00f3 de la formaci\u00f3 &#8220;INTRODUCCI\u00d3 A LA GESTI\u00d3 DE CERTIFICATS DE PROFESSIONALITAT&#8221;\">Llegeix m\u00e9s\u00bb<\/a><\/p>\n","protected":false},"author":44,"featured_media":11009,"comment_status":"open","ping_status":"closed","sticky":false,"template":"","format":"standard","meta":{"_bbp_topic_count":0,"_bbp_reply_count":0,"_bbp_total_topic_count":0,"_bbp_total_reply_count":0,"_bbp_voice_count":0,"_bbp_anonymous_reply_count":0,"_bbp_topic_count_hidden":0,"_bbp_reply_count_hidden":0,"_bbp_forum_subforum_count":0,"footnotes":""},"categories":[64,154,1,29],"tags":[],"class_list":["post-11006","post","type-post","status-publish","format-standard","has-post-thumbnail","hentry","category-comunitat","category-formacio","category-general","category-portada"],"post_mailing_queue_ids":[],"_links":{"self":[{"href":"https:\/\/projectes.xtec.cat\/integrafp\/wp-json\/wp\/v2\/posts\/11006","targetHints":{"allow":["GET"]}}],"collection":[{"href":"https:\/\/projectes.xtec.cat\/integrafp\/wp-json\/wp\/v2\/posts"}],"about":[{"href":"https:\/\/projectes.xtec.cat\/integrafp\/wp-json\/wp\/v2\/types\/post"}],"author":[{"embeddable":true,"href":"https:\/\/projectes.xtec.cat\/integrafp\/wp-json\/wp\/v2\/users\/44"}],"replies":[{"embeddable":true,"href":"https:\/\/projectes.xtec.cat\/integrafp\/wp-json\/wp\/v2\/comments?post=11006"}],"version-history":[{"count":3,"href":"https:\/\/projectes.xtec.cat\/integrafp\/wp-json\/wp\/v2\/posts\/11006\/revisions"}],"predecessor-version":[{"id":11011,"href":"https:\/\/projectes.xtec.cat\/integrafp\/wp-json\/wp\/v2\/posts\/11006\/revisions\/11011"}],"wp:featuredmedia":[{"embeddable":true,"href":"https:\/\/projectes.xtec.cat\/integrafp\/wp-json\/wp\/v2\/media\/11009"}],"wp:attachment":[{"href":"https:\/\/projectes.xtec.cat\/integrafp\/wp-json\/wp\/v2\/media?parent=11006"}],"wp:term":[{"taxonomy":"category","embeddable":true,"href":"https:\/\/projectes.xtec.cat\/integrafp\/wp-json\/wp\/v2\/categories?post=11006"},{"taxonomy":"post_tag","embeddable":true,"href":"https:\/\/projectes.xtec.cat\/integrafp\/wp-json\/wp\/v2\/tags?post=11006"}],"curies":[{"name":"wp","href":"https:\/\/api.w.org\/{rel}","templated":true}]}}