{"id":11020,"date":"2023-10-11T13:27:25","date_gmt":"2023-10-11T11:27:25","guid":{"rendered":"https:\/\/projectes.xtec.cat\/integrafp\/?p=11020"},"modified":"2023-10-11T13:35:57","modified_gmt":"2023-10-11T11:35:57","slug":"quarta-sessio-de-la-formacio-introduccio-a-la-gestio-de-certificats-de-professionalitat","status":"publish","type":"post","link":"https:\/\/projectes.xtec.cat\/integrafp\/general\/quarta-sessio-de-la-formacio-introduccio-a-la-gestio-de-certificats-de-professionalitat\/","title":{"rendered":"Quarta sessi\u00f3 de la formaci\u00f3 &#8220;INTRODUCCI\u00d3 A LA GESTI\u00d3 DE CERTIFICATS DE PROFESSIONALITAT&#8221;"},"content":{"rendered":"<p>Ahir, dimarts dia 10 d&#8217;octubre de 2023, es va fer la quarta sessi\u00f3 de la formaci\u00f3 &#8220;Introducci\u00f3 a la gesti\u00f3 de CPs&#8221;. El contingut de la sessi\u00f3 correspon als seg\u00fcents temes:<\/p>\n<ul>\n<li>Gesti\u00f3 del m\u00f2dul de pr\u00e0ctiques (MP)<\/li>\n<li>Finalitzaci\u00f3 i tancament de les accions<\/li>\n<li>Justificaci\u00f3<\/li>\n<li>Documentaci\u00f3 a custodiar<\/li>\n<li>Enquestes<\/li>\n<\/ul>\n<p><a href=\"https:\/\/projectes.xtec.cat\/integrafp\/wp-content\/uploads\/usu2419\/2023\/10\/Sessio-4.png\"><img loading=\"lazy\" decoding=\"async\" class=\"alignnone wp-image-11021\" src=\"https:\/\/projectes.xtec.cat\/integrafp\/wp-content\/uploads\/usu2419\/2023\/10\/Sessio-4-1024x479.png\" alt=\"\" width=\"513\" height=\"240\" srcset=\"https:\/\/projectes.xtec.cat\/integrafp\/wp-content\/uploads\/usu2419\/2023\/10\/Sessio-4-1024x479.png 1024w, https:\/\/projectes.xtec.cat\/integrafp\/wp-content\/uploads\/usu2419\/2023\/10\/Sessio-4-300x140.png 300w, https:\/\/projectes.xtec.cat\/integrafp\/wp-content\/uploads\/usu2419\/2023\/10\/Sessio-4-768x359.png 768w, https:\/\/projectes.xtec.cat\/integrafp\/wp-content\/uploads\/usu2419\/2023\/10\/Sessio-4-1536x719.png 1536w, https:\/\/projectes.xtec.cat\/integrafp\/wp-content\/uploads\/usu2419\/2023\/10\/Sessio-4.png 1801w\" sizes=\"auto, (max-width: 513px) 100vw, 513px\" \/><\/a><\/p>\n<p>Si us interessa aquesta formaci\u00f3, no dubteu en apuntar-vos a la propera edici\u00f3! Est\u00e0 previst tornar-la a fer al gener 2024.<\/p>\n<p>Equip IntegraFP<\/p>\n","protected":false},"excerpt":{"rendered":"<p>Ahir, dimarts dia 10 d&#8217;octubre de 2023, es va fer la quarta sessi\u00f3 de la formaci\u00f3 &#8220;Introducci\u00f3 a la gesti\u00f3 de CPs&#8221;. El contingut de la sessi\u00f3 correspon als seg\u00fcents temes:<\/p>\n<ul>\n<li>Gesti\u00f3 del m\u00f2dul de pr\u00e0ctiques (MP)<\/li>\n<li>Finalitzaci\u00f3 i tancament de les accions<\/li>\n<li>Justificaci\u00f3<\/li>\n<li>Documentaci\u00f3 a custodiar<\/li>\n<li>Enquestes<\/li>\n<\/ul>\n<p><a href=\"https:\/\/projectes.xtec.cat\/integrafp\/wp-content\/uploads\/usu2419\/2023\/10\/Sessio-4.png\"><\/a><br \/>\nSi us&hellip;  <a href=\"https:\/\/projectes.xtec.cat\/integrafp\/general\/quarta-sessio-de-la-formacio-introduccio-a-la-gestio-de-certificats-de-professionalitat\/\" title=\"Read Quarta sessi\u00f3 de la formaci\u00f3 &#8220;INTRODUCCI\u00d3 A LA GESTI\u00d3 DE CERTIFICATS DE PROFESSIONALITAT&#8221;\">Llegeix m\u00e9s\u00bb<\/a><\/p>\n","protected":false},"author":44,"featured_media":11021,"comment_status":"open","ping_status":"closed","sticky":false,"template":"","format":"standard","meta":{"_bbp_topic_count":0,"_bbp_reply_count":0,"_bbp_total_topic_count":0,"_bbp_total_reply_count":0,"_bbp_voice_count":0,"_bbp_anonymous_reply_count":0,"_bbp_topic_count_hidden":0,"_bbp_reply_count_hidden":0,"_bbp_forum_subforum_count":0,"footnotes":""},"categories":[64,154,1,29],"tags":[],"class_list":["post-11020","post","type-post","status-publish","format-standard","has-post-thumbnail","hentry","category-comunitat","category-formacio","category-general","category-portada"],"post_mailing_queue_ids":[],"_links":{"self":[{"href":"https:\/\/projectes.xtec.cat\/integrafp\/wp-json\/wp\/v2\/posts\/11020","targetHints":{"allow":["GET"]}}],"collection":[{"href":"https:\/\/projectes.xtec.cat\/integrafp\/wp-json\/wp\/v2\/posts"}],"about":[{"href":"https:\/\/projectes.xtec.cat\/integrafp\/wp-json\/wp\/v2\/types\/post"}],"author":[{"embeddable":true,"href":"https:\/\/projectes.xtec.cat\/integrafp\/wp-json\/wp\/v2\/users\/44"}],"replies":[{"embeddable":true,"href":"https:\/\/projectes.xtec.cat\/integrafp\/wp-json\/wp\/v2\/comments?post=11020"}],"version-history":[{"count":4,"href":"https:\/\/projectes.xtec.cat\/integrafp\/wp-json\/wp\/v2\/posts\/11020\/revisions"}],"predecessor-version":[{"id":11025,"href":"https:\/\/projectes.xtec.cat\/integrafp\/wp-json\/wp\/v2\/posts\/11020\/revisions\/11025"}],"wp:featuredmedia":[{"embeddable":true,"href":"https:\/\/projectes.xtec.cat\/integrafp\/wp-json\/wp\/v2\/media\/11021"}],"wp:attachment":[{"href":"https:\/\/projectes.xtec.cat\/integrafp\/wp-json\/wp\/v2\/media?parent=11020"}],"wp:term":[{"taxonomy":"category","embeddable":true,"href":"https:\/\/projectes.xtec.cat\/integrafp\/wp-json\/wp\/v2\/categories?post=11020"},{"taxonomy":"post_tag","embeddable":true,"href":"https:\/\/projectes.xtec.cat\/integrafp\/wp-json\/wp\/v2\/tags?post=11020"}],"curies":[{"name":"wp","href":"https:\/\/api.w.org\/{rel}","templated":true}]}}