{"id":11036,"date":"2023-10-23T12:50:04","date_gmt":"2023-10-23T10:50:04","guid":{"rendered":"https:\/\/projectes.xtec.cat\/integrafp\/?p=11036"},"modified":"2023-10-23T12:54:44","modified_gmt":"2023-10-23T10:54:44","slug":"ins-segarra-sscs0108-atencio-sociosanitaria-a-persones-en-el-domicili","status":"publish","type":"post","link":"https:\/\/projectes.xtec.cat\/integrafp\/general\/ins-segarra-sscs0108-atencio-sociosanitaria-a-persones-en-el-domicili\/","title":{"rendered":"INS La Segarra: SSCS0108 ATENCI\u00d3 SOCIOSANIT\u00c0RIA A PERSONES EN EL DOMICILI"},"content":{"rendered":"<p>El proper dilluns dia 23 d&#8217;octubre comen\u00e7a el certificat de professionalitat d&#8217;ATENCI\u00d3 SOCIOSANIT\u00c0RIA A PERSONES EN EL DOMICILI a l&#8217;INS La Segarra (Cervera).<\/p>\n<p><a href=\"https:\/\/projectes.xtec.cat\/integrafp\/wp-content\/uploads\/usu2419\/2023\/10\/1.jpg\"><img loading=\"lazy\" decoding=\"async\" class=\"alignnone size-full wp-image-11037\" src=\"https:\/\/projectes.xtec.cat\/integrafp\/wp-content\/uploads\/usu2419\/2023\/10\/1.jpg\" alt=\"\" width=\"476\" height=\"662\" srcset=\"https:\/\/projectes.xtec.cat\/integrafp\/wp-content\/uploads\/usu2419\/2023\/10\/1.jpg 476w, https:\/\/projectes.xtec.cat\/integrafp\/wp-content\/uploads\/usu2419\/2023\/10\/1-216x300.jpg 216w\" sizes=\"auto, (max-width: 476px) 100vw, 476px\" \/><\/a> <a href=\"https:\/\/projectes.xtec.cat\/integrafp\/wp-content\/uploads\/usu2419\/2023\/10\/2.jpg\"><img loading=\"lazy\" decoding=\"async\" class=\"alignnone size-large wp-image-11038\" src=\"https:\/\/projectes.xtec.cat\/integrafp\/wp-content\/uploads\/usu2419\/2023\/10\/2.jpg\" alt=\"\" width=\"474\" height=\"673\" srcset=\"https:\/\/projectes.xtec.cat\/integrafp\/wp-content\/uploads\/usu2419\/2023\/10\/2.jpg 474w, https:\/\/projectes.xtec.cat\/integrafp\/wp-content\/uploads\/usu2419\/2023\/10\/2-211x300.jpg 211w\" sizes=\"auto, (max-width: 474px) 100vw, 474px\" \/><\/a><\/p>\n<p>&nbsp;<\/p>\n","protected":false},"excerpt":{"rendered":"<p>El proper dilluns dia 23 d&#8217;octubre comen\u00e7a el certificat de professionalitat d&#8217;ATENCI\u00d3 SOCIOSANIT\u00c0RIA A PERSONES EN EL DOMICILI a l&#8217;INS La Segarra (Cervera).<br \/>\n<a href=\"https:\/\/projectes.xtec.cat\/integrafp\/wp-content\/uploads\/usu2419\/2023\/10\/1.jpg\"><\/a> <a href=\"https:\/\/projectes.xtec.cat\/integrafp\/wp-content\/uploads\/usu2419\/2023\/10\/2.jpg\"><\/a><br \/>\n&nbsp;<\/p>\n","protected":false},"author":87,"featured_media":11038,"comment_status":"open","ping_status":"closed","sticky":false,"template":"","format":"standard","meta":{"_bbp_topic_count":0,"_bbp_reply_count":0,"_bbp_total_topic_count":0,"_bbp_total_reply_count":0,"_bbp_voice_count":0,"_bbp_anonymous_reply_count":0,"_bbp_topic_count_hidden":0,"_bbp_reply_count_hidden":0,"_bbp_forum_subforum_count":0,"footnotes":""},"categories":[154,1,29],"tags":[298,320],"class_list":["post-11036","post","type-post","status-publish","format-standard","has-post-thumbnail","hentry","category-formacio","category-general","category-portada","tag-provincia-lleida","tag-serveis-socioculturals-i-a-la-comunitat"],"post_mailing_queue_ids":[],"_links":{"self":[{"href":"https:\/\/projectes.xtec.cat\/integrafp\/wp-json\/wp\/v2\/posts\/11036","targetHints":{"allow":["GET"]}}],"collection":[{"href":"https:\/\/projectes.xtec.cat\/integrafp\/wp-json\/wp\/v2\/posts"}],"about":[{"href":"https:\/\/projectes.xtec.cat\/integrafp\/wp-json\/wp\/v2\/types\/post"}],"author":[{"embeddable":true,"href":"https:\/\/projectes.xtec.cat\/integrafp\/wp-json\/wp\/v2\/users\/87"}],"replies":[{"embeddable":true,"href":"https:\/\/projectes.xtec.cat\/integrafp\/wp-json\/wp\/v2\/comments?post=11036"}],"version-history":[{"count":3,"href":"https:\/\/projectes.xtec.cat\/integrafp\/wp-json\/wp\/v2\/posts\/11036\/revisions"}],"predecessor-version":[{"id":11061,"href":"https:\/\/projectes.xtec.cat\/integrafp\/wp-json\/wp\/v2\/posts\/11036\/revisions\/11061"}],"wp:featuredmedia":[{"embeddable":true,"href":"https:\/\/projectes.xtec.cat\/integrafp\/wp-json\/wp\/v2\/media\/11038"}],"wp:attachment":[{"href":"https:\/\/projectes.xtec.cat\/integrafp\/wp-json\/wp\/v2\/media?parent=11036"}],"wp:term":[{"taxonomy":"category","embeddable":true,"href":"https:\/\/projectes.xtec.cat\/integrafp\/wp-json\/wp\/v2\/categories?post=11036"},{"taxonomy":"post_tag","embeddable":true,"href":"https:\/\/projectes.xtec.cat\/integrafp\/wp-json\/wp\/v2\/tags?post=11036"}],"curies":[{"name":"wp","href":"https:\/\/api.w.org\/{rel}","templated":true}]}}