{"id":11076,"date":"2023-10-27T13:51:50","date_gmt":"2023-10-27T11:51:50","guid":{"rendered":"https:\/\/projectes.xtec.cat\/integrafp\/?p=11076"},"modified":"2023-10-27T14:36:11","modified_gmt":"2023-10-27T12:36:11","slug":"ins-francesc-vidal-i-barraquer-de-tarragona-atencio-sociosanitaria-a-persones-dependents-en-institucions-socials","status":"publish","type":"post","link":"https:\/\/projectes.xtec.cat\/integrafp\/general\/ins-francesc-vidal-i-barraquer-de-tarragona-atencio-sociosanitaria-a-persones-dependents-en-institucions-socials\/","title":{"rendered":"INS Francesc Vidal i Barraquer: Atenci\u00f3 sociosanit\u00e0ria a persones dependents en institucions socials"},"content":{"rendered":"<p>Des de l&#8217;institut Francesc Vidal i Barraquer de Tarragona s&#8217;impartir\u00e0 el <b>Certificat de professionalitat de nivell 2, SSCS0208: Atenci\u00f3 sociosanit\u00e0ria a persones dependents en institucions socials<\/b>.<\/p>\n<p>Podeu consultar la informaci\u00f3 que tenim a la p\u00e0gina web del centre sobre el curs: <a href=\"https:\/\/vidalibarraquer.net\/index.php\/cicles-de-la-familia-de-serveis-a-la-comunitat\/cert-prof-sscc\" target=\"_blank\" rel=\"noopener\" data-saferedirecturl=\"https:\/\/www.google.com\/url?q=https:\/\/vidalibarraquer.net\/index.php\/cicles-de-la-familia-de-serveis-a-la-comunitat\/cert-prof-sscc&amp;source=gmail&amp;ust=1698227615979000&amp;usg=AOvVaw3s9UHyN7qaplfVMNoqHglm\">https:\/\/vidalibarraquer.net\/index.php\/cicles-de-la-familia-de-serveis-a-la-comunitat\/cert-prof-sscc<\/a>, amb les dades relatives al contingut, relaci\u00f3 professional, m\u00f2duls formatius que s&#8217;ofereixen i requisits d&#8217;acc\u00e9s.<\/p>\n<p>Tamb\u00e9 podeu fer la preinscripci\u00f3 oficial a trav\u00e9s del SOC:\u00a0 <a href=\"https:\/\/serveiocupacio.gencat.cat\/ca\/persones\/vull-formar-me\/cercadors-formacio-especialitats\/cercador-integrat\/fitxa-curs.html?nomCurso=&amp;localitatCurso=&amp;certificats=Tots&amp;codiOcupacio=22%2FFPOIES_22_23%2F677%2F0182729%2F004&amp;familiaProfessional=&amp;area=&amp;especialitat=&amp;desde_fitxa=&amp;codi_curso_seleccionado=22%2FFPOIES_22_23%2F677%2F0182729%2F004\" target=\"_blank\" rel=\"noopener\" data-saferedirecturl=\"https:\/\/www.google.com\/url?q=https:\/\/serveiocupacio.gencat.cat\/ca\/persones\/vull-formar-me\/cercadors-formacio-especialitats\/cercador-integrat\/fitxa-curs.html?nomCurso%3D%26localitatCurso%3D%26certificats%3DTots%26codiOcupacio%3D22%252FFPOIES_22_23%252F677%252F0182729%252F004%26familiaProfessional%3D%26area%3D%26especialitat%3D%26desde_fitxa%3D%26codi_curso_seleccionado%3D22%252FFPOIES_22_23%252F677%252F0182729%252F004&amp;source=gmail&amp;ust=1698227615979000&amp;usg=AOvVaw0nnvrycm4IMeHfBFeuU-_1\">https:\/\/serveiocupacio.gencat.cat\/ca\/persones\/vull-formar-me\/cercadors-formacio-especialitats\/cercador-integrat\/fitxa-curs.html?nomCurso=&amp;localitatCurso=&amp;certificats=Tots&amp;codiOcupacio=22%2FFPOIES_22_23%2F677%2F0182729%2F004&amp;familiaProfessional=&amp;area=&amp;especialitat=&amp;desde_fitxa=&amp;codi_curso_seleccionado=22%2FFPOIES_22_23%2F677%2F0182729%2F004<\/a><\/p>\n<p>Si teniu contacte amb persones que puguin estar interessades en cursar aquest certificat de formaci\u00f3 professional ocupacional, s&#8217;agrair\u00e0 que els feu arribar aquesta informaci\u00f3. Est\u00e0 adre\u00e7at tant a persones que van comen\u00e7ar els estudis i els van deixar sense finalitzar, treballadors i treballadores que necessiten la titulaci\u00f3 per exercir la feina a resid\u00e8ncies i altres institucions, o aquells antics estudiants (o estudiants actuals) als que podem oferir una reorientaci\u00f3.<\/p>\n<p>Voltes gr\u00e0cies per la vostra col\u00b7laboraci\u00f3, esperem que sigui del vostre inter\u00e8s.<\/p>\n<p>Us hi esperem!<\/p>\n<p>Coordinaci\u00f3 CP SSCS0208.<a href=\"https:\/\/projectes.xtec.cat\/integrafp\/wp-content\/uploads\/usu2419\/2023\/10\/CP-SSCS0208.png\"><img loading=\"lazy\" decoding=\"async\" class=\"alignnone size-large wp-image-11093\" src=\"https:\/\/projectes.xtec.cat\/integrafp\/wp-content\/uploads\/usu2419\/2023\/10\/CP-SSCS0208-1024x1024.png\" alt=\"\" width=\"1024\" height=\"1024\" srcset=\"https:\/\/projectes.xtec.cat\/integrafp\/wp-content\/uploads\/usu2419\/2023\/10\/CP-SSCS0208-1024x1024.png 1024w, https:\/\/projectes.xtec.cat\/integrafp\/wp-content\/uploads\/usu2419\/2023\/10\/CP-SSCS0208-300x300.png 300w, https:\/\/projectes.xtec.cat\/integrafp\/wp-content\/uploads\/usu2419\/2023\/10\/CP-SSCS0208-150x150.png 150w, https:\/\/projectes.xtec.cat\/integrafp\/wp-content\/uploads\/usu2419\/2023\/10\/CP-SSCS0208-768x768.png 768w, https:\/\/projectes.xtec.cat\/integrafp\/wp-content\/uploads\/usu2419\/2023\/10\/CP-SSCS0208.png 1080w\" sizes=\"auto, (max-width: 1024px) 100vw, 1024px\" \/><\/a><\/p>\n","protected":false},"excerpt":{"rendered":"<p>Des de l&#8217;institut Francesc Vidal i Barraquer de Tarragona s&#8217;impartir\u00e0 el Certificat de professionalitat de nivell 2, SSCS0208: Atenci\u00f3 sociosanit\u00e0ria a persones dependents en institucions socials.<br \/>\nPodeu consultar la informaci\u00f3 que tenim a la p\u00e0gina web del centre sobre el curs: <a href=\"https:\/\/vidalibarraquer.net\/index.php\/cicles-de-la-familia-de-serveis-a-la-comunitat\/cert-prof-sscc\" target=\"_blank\" rel=\"noopener\" data-saferedirecturl=\"https:\/\/www.google.com\/url?q=https:\/\/vidalibarraquer.net\/index.php\/cicles-de-la-familia-de-serveis-a-la-comunitat\/cert-prof-sscc&amp;source=gmail&amp;ust=1698227615979000&amp;usg=AOvVaw3s9UHyN7qaplfVMNoqHglm\">https:\/\/vidalibarraquer.net\/index.php\/cicles-de-la-familia-de-serveis-a-la-comunitat\/cert-prof-sscc<\/a>,&hellip;  <a href=\"https:\/\/projectes.xtec.cat\/integrafp\/general\/ins-francesc-vidal-i-barraquer-de-tarragona-atencio-sociosanitaria-a-persones-dependents-en-institucions-socials\/\" title=\"Read INS Francesc Vidal i Barraquer: Atenci\u00f3 sociosanit\u00e0ria a persones dependents en institucions socials\">Llegeix m\u00e9s\u00bb<\/a><\/p>\n","protected":false},"author":96,"featured_media":11093,"comment_status":"open","ping_status":"closed","sticky":false,"template":"","format":"standard","meta":{"_bbp_topic_count":0,"_bbp_reply_count":0,"_bbp_total_topic_count":0,"_bbp_total_reply_count":0,"_bbp_voice_count":0,"_bbp_anonymous_reply_count":0,"_bbp_topic_count_hidden":0,"_bbp_reply_count_hidden":0,"_bbp_forum_subforum_count":0,"footnotes":""},"categories":[154,1,29],"tags":[299,320],"class_list":["post-11076","post","type-post","status-publish","format-standard","has-post-thumbnail","hentry","category-formacio","category-general","category-portada","tag-provincia-tarragona","tag-serveis-socioculturals-i-a-la-comunitat"],"post_mailing_queue_ids":[],"_links":{"self":[{"href":"https:\/\/projectes.xtec.cat\/integrafp\/wp-json\/wp\/v2\/posts\/11076","targetHints":{"allow":["GET"]}}],"collection":[{"href":"https:\/\/projectes.xtec.cat\/integrafp\/wp-json\/wp\/v2\/posts"}],"about":[{"href":"https:\/\/projectes.xtec.cat\/integrafp\/wp-json\/wp\/v2\/types\/post"}],"author":[{"embeddable":true,"href":"https:\/\/projectes.xtec.cat\/integrafp\/wp-json\/wp\/v2\/users\/96"}],"replies":[{"embeddable":true,"href":"https:\/\/projectes.xtec.cat\/integrafp\/wp-json\/wp\/v2\/comments?post=11076"}],"version-history":[{"count":4,"href":"https:\/\/projectes.xtec.cat\/integrafp\/wp-json\/wp\/v2\/posts\/11076\/revisions"}],"predecessor-version":[{"id":11194,"href":"https:\/\/projectes.xtec.cat\/integrafp\/wp-json\/wp\/v2\/posts\/11076\/revisions\/11194"}],"wp:featuredmedia":[{"embeddable":true,"href":"https:\/\/projectes.xtec.cat\/integrafp\/wp-json\/wp\/v2\/media\/11093"}],"wp:attachment":[{"href":"https:\/\/projectes.xtec.cat\/integrafp\/wp-json\/wp\/v2\/media?parent=11076"}],"wp:term":[{"taxonomy":"category","embeddable":true,"href":"https:\/\/projectes.xtec.cat\/integrafp\/wp-json\/wp\/v2\/categories?post=11076"},{"taxonomy":"post_tag","embeddable":true,"href":"https:\/\/projectes.xtec.cat\/integrafp\/wp-json\/wp\/v2\/tags?post=11076"}],"curies":[{"name":"wp","href":"https:\/\/api.w.org\/{rel}","templated":true}]}}