{"id":11077,"date":"2023-10-24T12:00:48","date_gmt":"2023-10-24T10:00:48","guid":{"rendered":"https:\/\/projectes.xtec.cat\/integrafp\/?p=11077"},"modified":"2023-11-03T13:16:24","modified_gmt":"2023-11-03T12:16:24","slug":"ins-els-alfacs-ultimes-places-disponibles-del-cp-pintura-manteniment-i-reparacio-amb-fibra-dembarcacions-desbarjo","status":"publish","type":"post","link":"https:\/\/projectes.xtec.cat\/integrafp\/general\/ins-els-alfacs-ultimes-places-disponibles-del-cp-pintura-manteniment-i-reparacio-amb-fibra-dembarcacions-desbarjo\/","title":{"rendered":"INS Els Alfacs: \u00daltimes places disponibles del CP &#8220;Pintura, manteniment i reparaci\u00f3 amb fibra d&#8217;embarcacions d&#8217;esbarjo&#8221;"},"content":{"rendered":"<p style=\"text-align: left;\">Des de l&#8217;Institut Els Alfacs, de la R\u00e0pita impulsem el CP nivell 2 TMVU0111 &#8220;Pintura, manteniment i reparaci\u00f3 amb fibra d&#8217;embarcacions d&#8217;esbarjo&#8221;.<\/p>\n<p>Actualment ens trobem en fase d&#8217;inscripci\u00f3 d&#8217;alumnat i ens queden molt poques places disponibles.<\/p>\n<p>La previsi\u00f3 \u00e9s iniciar el CP durant el mes de novembre. Aquest curs \u00e9s realitzar\u00e0 en horari a la tarda de dilluns a divendres.<\/p>\n<p><img loading=\"lazy\" decoding=\"async\" class=\"alignnone size-large wp-image-11209\" src=\"https:\/\/projectes.xtec.cat\/integrafp\/wp-content\/uploads\/usu2419\/2023\/10\/CURS-OCUPACIONAL-724x1024.jpg\" alt=\"\" width=\"724\" height=\"1024\" srcset=\"https:\/\/projectes.xtec.cat\/integrafp\/wp-content\/uploads\/usu2419\/2023\/10\/CURS-OCUPACIONAL-724x1024.jpg 724w, https:\/\/projectes.xtec.cat\/integrafp\/wp-content\/uploads\/usu2419\/2023\/10\/CURS-OCUPACIONAL-212x300.jpg 212w, https:\/\/projectes.xtec.cat\/integrafp\/wp-content\/uploads\/usu2419\/2023\/10\/CURS-OCUPACIONAL-768x1086.jpg 768w, https:\/\/projectes.xtec.cat\/integrafp\/wp-content\/uploads\/usu2419\/2023\/10\/CURS-OCUPACIONAL-1086x1536.jpg 1086w, https:\/\/projectes.xtec.cat\/integrafp\/wp-content\/uploads\/usu2419\/2023\/10\/CURS-OCUPACIONAL-1448x2048.jpg 1448w, https:\/\/projectes.xtec.cat\/integrafp\/wp-content\/uploads\/usu2419\/2023\/10\/CURS-OCUPACIONAL.jpg 1587w\" sizes=\"auto, (max-width: 724px) 100vw, 724px\" \/><\/p>\n<p><a href=\"https:\/\/agora.xtec.cat\/iesalfacs\/\">https:\/\/agora.xtec.cat\/iesalfacs\/<\/a><\/p>\n","protected":false},"excerpt":{"rendered":"<p>Des de l&#8217;Institut Els Alfacs, de la R\u00e0pita impulsem el CP nivell 2 TMVU0111 &#8220;Pintura, manteniment i reparaci\u00f3 amb fibra d&#8217;embarcacions d&#8217;esbarjo&#8221;.<br \/>\nActualment ens trobem en fase d&#8217;inscripci\u00f3 d&#8217;alumnat i ens queden molt poques places disponibles.<br \/>\nLa previsi\u00f3 \u00e9s iniciar el CP durant el mes de novembre.&hellip;  <a href=\"https:\/\/projectes.xtec.cat\/integrafp\/general\/ins-els-alfacs-ultimes-places-disponibles-del-cp-pintura-manteniment-i-reparacio-amb-fibra-dembarcacions-desbarjo\/\" title=\"Read INS Els Alfacs: \u00daltimes places disponibles del CP &#8220;Pintura, manteniment i reparaci\u00f3 amb fibra d&#8217;embarcacions d&#8217;esbarjo&#8221;\">Llegeix m\u00e9s\u00bb<\/a><\/p>\n","protected":false},"author":62,"featured_media":11209,"comment_status":"open","ping_status":"closed","sticky":false,"template":"","format":"standard","meta":{"_bbp_topic_count":0,"_bbp_reply_count":0,"_bbp_total_topic_count":0,"_bbp_total_reply_count":0,"_bbp_voice_count":0,"_bbp_anonymous_reply_count":0,"_bbp_topic_count_hidden":0,"_bbp_reply_count_hidden":0,"_bbp_forum_subforum_count":0,"footnotes":""},"categories":[154,1,29],"tags":[299,322],"class_list":["post-11077","post","type-post","status-publish","format-standard","has-post-thumbnail","hentry","category-formacio","category-general","category-portada","tag-provincia-tarragona","tag-transport-i-manteniment-de-vehicles"],"post_mailing_queue_ids":[],"_links":{"self":[{"href":"https:\/\/projectes.xtec.cat\/integrafp\/wp-json\/wp\/v2\/posts\/11077","targetHints":{"allow":["GET"]}}],"collection":[{"href":"https:\/\/projectes.xtec.cat\/integrafp\/wp-json\/wp\/v2\/posts"}],"about":[{"href":"https:\/\/projectes.xtec.cat\/integrafp\/wp-json\/wp\/v2\/types\/post"}],"author":[{"embeddable":true,"href":"https:\/\/projectes.xtec.cat\/integrafp\/wp-json\/wp\/v2\/users\/62"}],"replies":[{"embeddable":true,"href":"https:\/\/projectes.xtec.cat\/integrafp\/wp-json\/wp\/v2\/comments?post=11077"}],"version-history":[{"count":6,"href":"https:\/\/projectes.xtec.cat\/integrafp\/wp-json\/wp\/v2\/posts\/11077\/revisions"}],"predecessor-version":[{"id":11210,"href":"https:\/\/projectes.xtec.cat\/integrafp\/wp-json\/wp\/v2\/posts\/11077\/revisions\/11210"}],"wp:featuredmedia":[{"embeddable":true,"href":"https:\/\/projectes.xtec.cat\/integrafp\/wp-json\/wp\/v2\/media\/11209"}],"wp:attachment":[{"href":"https:\/\/projectes.xtec.cat\/integrafp\/wp-json\/wp\/v2\/media?parent=11077"}],"wp:term":[{"taxonomy":"category","embeddable":true,"href":"https:\/\/projectes.xtec.cat\/integrafp\/wp-json\/wp\/v2\/categories?post=11077"},{"taxonomy":"post_tag","embeddable":true,"href":"https:\/\/projectes.xtec.cat\/integrafp\/wp-json\/wp\/v2\/tags?post=11077"}],"curies":[{"name":"wp","href":"https:\/\/api.w.org\/{rel}","templated":true}]}}