{"id":11098,"date":"2023-11-14T13:47:54","date_gmt":"2023-11-14T12:47:54","guid":{"rendered":"https:\/\/projectes.xtec.cat\/integrafp\/?p=11098"},"modified":"2023-11-14T13:47:54","modified_gmt":"2023-11-14T12:47:54","slug":"ins-abat-oliba-ripoll-cp-muntatge-i-manteniment-dinstallacions-solars-fotovoltaiques","status":"publish","type":"post","link":"https:\/\/projectes.xtec.cat\/integrafp\/general\/ins-abat-oliba-ripoll-cp-muntatge-i-manteniment-dinstallacions-solars-fotovoltaiques\/","title":{"rendered":"INS Abat Oliba (Ripoll): CP Muntatge i manteniment d&#8217;instal\u00b7lacions solars fotovoltaiques"},"content":{"rendered":"<p dir=\"ltr\">Us animem a descobrir el potencial de la fotovoltaica a trav\u00e9s d&#8217;aquesta formaci\u00f3 t\u00e8cnica especialitzada. Si ets una persona que:<\/p>\n<ul>\n<li>Tens curiositat per plantejar <em>layouts<\/em> d&#8217;instal\u00b7lacions fotovoltaiques.<\/li>\n<li>T&#8217;interessen les energies renovables i comprens el seu potencial per un futur m\u00e9s sostenible.<\/li>\n<li>Saps recon\u00e8ixer una oportunitat de fina com a t\u00e8cnic amb alta inserci\u00f3.<\/li>\n<\/ul>\n<p>Et recomanem que et posis en contacte amb el cap d&#8217;estudis d&#8217;FP de l&#8217;Abat Oliba, el m\u00e9s aviat possible!<\/p>\n<p><a href=\"mailto:info@insabatoliba.cat\">info@insabatoliba.cat<\/a><\/p>\n<p>T. 972 70 11 50<\/p>\n","protected":false},"excerpt":{"rendered":"<p>Us animem a descobrir el potencial de la fotovoltaica a trav\u00e9s d&#8217;aquesta formaci\u00f3 t\u00e8cnica especialitzada. Si ets una persona que:<\/p>\n<ul>\n<li>Tens curiositat per plantejar layouts d&#8217;instal\u00b7lacions fotovoltaiques.<\/li>\n<li>T&#8217;interessen les energies renovables i comprens el seu potencial per un futur m\u00e9s sostenible.<\/li>\n<li>Saps recon\u00e8ixer una oportunitat de fina com&hellip;  <a href=\"https:\/\/projectes.xtec.cat\/integrafp\/general\/ins-abat-oliba-ripoll-cp-muntatge-i-manteniment-dinstallacions-solars-fotovoltaiques\/\" title=\"Read INS Abat Oliba (Ripoll): CP Muntatge i manteniment d&#8217;instal\u00b7lacions solars fotovoltaiques\">Llegeix m\u00e9s\u00bb<\/a><br \/>\n","protected":false},"author":97,"featured_media":0,"comment_status":"closed","ping_status":"closed","sticky":false,"template":"","format":"standard","meta":{"_bbp_topic_count":0,"_bbp_reply_count":0,"_bbp_total_topic_count":0,"_bbp_total_reply_count":0,"_bbp_voice_count":0,"_bbp_anonymous_reply_count":0,"_bbp_topic_count_hidden":0,"_bbp_reply_count_hidden":0,"_bbp_forum_subforum_count":0,"footnotes":""},"categories":[154,1,29],"tags":[308,297],"class_list":["post-11098","post","type-post","status-publish","format-standard","hentry","category-formacio","category-general","category-portada","tag-energia-i-aigua","tag-girona"],"post_mailing_queue_ids":[],"_links":{"self":[{"href":"https:\/\/projectes.xtec.cat\/integrafp\/wp-json\/wp\/v2\/posts\/11098","targetHints":{"allow":["GET"]}}],"collection":[{"href":"https:\/\/projectes.xtec.cat\/integrafp\/wp-json\/wp\/v2\/posts"}],"about":[{"href":"https:\/\/projectes.xtec.cat\/integrafp\/wp-json\/wp\/v2\/types\/post"}],"author":[{"embeddable":true,"href":"https:\/\/projectes.xtec.cat\/integrafp\/wp-json\/wp\/v2\/users\/97"}],"replies":[{"embeddable":true,"href":"https:\/\/projectes.xtec.cat\/integrafp\/wp-json\/wp\/v2\/comments?post=11098"}],"version-history":[{"count":2,"href":"https:\/\/projectes.xtec.cat\/integrafp\/wp-json\/wp\/v2\/posts\/11098\/revisions"}],"predecessor-version":[{"id":11262,"href":"https:\/\/projectes.xtec.cat\/integrafp\/wp-json\/wp\/v2\/posts\/11098\/revisions\/11262"}],"wp:attachment":[{"href":"https:\/\/projectes.xtec.cat\/integrafp\/wp-json\/wp\/v2\/media?parent=11098"}],"wp:term":[{"taxonomy":"category","embeddable":true,"href":"https:\/\/projectes.xtec.cat\/integrafp\/wp-json\/wp\/v2\/categories?post=11098"},{"taxonomy":"post_tag","embeddable":true,"href":"https:\/\/projectes.xtec.cat\/integrafp\/wp-json\/wp\/v2\/tags?post=11098"}],"curies":[{"name":"wp","href":"https:\/\/api.w.org\/{rel}","templated":true}]}}