{"id":11217,"date":"2023-11-16T14:11:59","date_gmt":"2023-11-16T13:11:59","guid":{"rendered":"https:\/\/projectes.xtec.cat\/integrafp\/?p=11217"},"modified":"2023-11-16T14:11:59","modified_gmt":"2023-11-16T13:11:59","slug":"ins-pere-martell-nou-cp-dassistencia-a-la-direccio-cinematografica-i-dobres-audiovisuals","status":"publish","type":"post","link":"https:\/\/projectes.xtec.cat\/integrafp\/general\/ins-pere-martell-nou-cp-dassistencia-a-la-direccio-cinematografica-i-dobres-audiovisuals\/","title":{"rendered":"INS Pere Martell: nou CP d&#8217;Assist\u00e8ncia a la direcci\u00f3 cinematogr\u00e0fica i d&#8217;obres audiovisuals"},"content":{"rendered":"<p>Pr\u00f2ximament s&#8217;iniciar\u00e0 el certificat de professionalitat d&#8217;Assist\u00e8ncia a la direcci\u00f3 cinematogr\u00e0fica i d&#8217;obres audiovisuals, amb un caire eminentment pr\u00e0ctic, aquest certificat permetr\u00e0 als alumnes realitzar una producci\u00f3 audiovisual passant per totes les seves fases.\u00a0 Per inscriure&#8217;s i obtenir m\u00e9s formaci\u00f3: <a href=\"https:\/\/institutperemartell.cat\/certificats-de-professionalitat\/\">https:\/\/institutperemartell.cat\/certificats-de-professionalitat\/<\/a><\/p>\n","protected":false},"excerpt":{"rendered":"<p>Pr\u00f2ximament s&#8217;iniciar\u00e0 el certificat de professionalitat d&#8217;Assist\u00e8ncia a la direcci\u00f3 cinematogr\u00e0fica i d&#8217;obres audiovisuals, amb un caire eminentment pr\u00e0ctic, aquest certificat permetr\u00e0 als alumnes realitzar una producci\u00f3 audiovisual passant per totes les seves fases.\u00a0 Per inscriure&#8217;s i obtenir m\u00e9s formaci\u00f3: <a href=\"https:\/\/institutperemartell.cat\/certificats-de-professionalitat\/\">https:\/\/institutperemartell.cat\/certificats-de-professionalitat\/<\/a><\/p>\n","protected":false},"author":113,"featured_media":0,"comment_status":"open","ping_status":"closed","sticky":false,"template":"","format":"standard","meta":{"_bbp_topic_count":0,"_bbp_reply_count":0,"_bbp_total_topic_count":0,"_bbp_total_reply_count":0,"_bbp_voice_count":0,"_bbp_anonymous_reply_count":0,"_bbp_topic_count_hidden":0,"_bbp_reply_count_hidden":0,"_bbp_forum_subforum_count":0,"footnotes":""},"categories":[154,1,29],"tags":[288,299],"class_list":["post-11217","post","type-post","status-publish","format-standard","hentry","category-formacio","category-general","category-portada","tag-imatge-i-so","tag-provincia-tarragona"],"post_mailing_queue_ids":[],"_links":{"self":[{"href":"https:\/\/projectes.xtec.cat\/integrafp\/wp-json\/wp\/v2\/posts\/11217","targetHints":{"allow":["GET"]}}],"collection":[{"href":"https:\/\/projectes.xtec.cat\/integrafp\/wp-json\/wp\/v2\/posts"}],"about":[{"href":"https:\/\/projectes.xtec.cat\/integrafp\/wp-json\/wp\/v2\/types\/post"}],"author":[{"embeddable":true,"href":"https:\/\/projectes.xtec.cat\/integrafp\/wp-json\/wp\/v2\/users\/113"}],"replies":[{"embeddable":true,"href":"https:\/\/projectes.xtec.cat\/integrafp\/wp-json\/wp\/v2\/comments?post=11217"}],"version-history":[{"count":4,"href":"https:\/\/projectes.xtec.cat\/integrafp\/wp-json\/wp\/v2\/posts\/11217\/revisions"}],"predecessor-version":[{"id":11276,"href":"https:\/\/projectes.xtec.cat\/integrafp\/wp-json\/wp\/v2\/posts\/11217\/revisions\/11276"}],"wp:attachment":[{"href":"https:\/\/projectes.xtec.cat\/integrafp\/wp-json\/wp\/v2\/media?parent=11217"}],"wp:term":[{"taxonomy":"category","embeddable":true,"href":"https:\/\/projectes.xtec.cat\/integrafp\/wp-json\/wp\/v2\/categories?post=11217"},{"taxonomy":"post_tag","embeddable":true,"href":"https:\/\/projectes.xtec.cat\/integrafp\/wp-json\/wp\/v2\/tags?post=11217"}],"curies":[{"name":"wp","href":"https:\/\/api.w.org\/{rel}","templated":true}]}}