{"id":11224,"date":"2023-11-06T10:13:16","date_gmt":"2023-11-06T09:13:16","guid":{"rendered":"https:\/\/projectes.xtec.cat\/integrafp\/?p=11224"},"modified":"2023-11-06T10:15:58","modified_gmt":"2023-11-06T09:15:58","slug":"ultima-sessio-de-la-formacio-introduccio-a-la-gestio-de-certificats-de-professionalitat","status":"publish","type":"post","link":"https:\/\/projectes.xtec.cat\/integrafp\/general\/ultima-sessio-de-la-formacio-introduccio-a-la-gestio-de-certificats-de-professionalitat\/","title":{"rendered":"\u00daltima sessi\u00f3 de la formaci\u00f3 &#8220;INTRODUCCI\u00d3 A LA GESTI\u00d3 DE CERTIFICATS DE PROFESSIONALITAT&#8221;"},"content":{"rendered":"<p>El passat dimarts dia 24 d&#8217;octubre de 2023, es va fer la \u00faltima sessi\u00f3 de la formaci\u00f3 &#8220;Introducci\u00f3 a la gesti\u00f3 de CPs&#8221;. La sessi\u00f3 es va dividir en tres parts:<\/p>\n<ul>\n<li>Primera part: GESTI\u00d3 ECON\u00d2MICA<\/li>\n<\/ul>\n<p>A l&#8217;inici de la sessi\u00f3 es va explicar la liquidaci\u00f3 dels certificats de professionalitat: els documents de Pre-C\u00e0lcul de GIA, la confirmaci\u00f3 del personal col\u00b7laborador, el certificat de les accions desenvolupades i la conservaci\u00f3 de la documentaci\u00f3.<\/p>\n<ul>\n<li>Segona part: SOL\u00b7LICITUD DEL T\u00cdTOL<\/li>\n<\/ul>\n<p>La segona part de la sessi\u00f3 va consistir en exposar el procediment per tal de que l&#8217;alumnat que ha cursat els certificats de professionalitat pugui sol\u00b7licitar el t\u00edtol.<\/p>\n<p><img loading=\"lazy\" decoding=\"async\" class=\"alignnone size-large wp-image-11225\" src=\"https:\/\/projectes.xtec.cat\/integrafp\/wp-content\/uploads\/usu2419\/2023\/11\/Ultima-sessio-formacio-1024x458.png\" alt=\"\" width=\"1024\" height=\"458\" srcset=\"https:\/\/projectes.xtec.cat\/integrafp\/wp-content\/uploads\/usu2419\/2023\/11\/Ultima-sessio-formacio-1024x458.png 1024w, https:\/\/projectes.xtec.cat\/integrafp\/wp-content\/uploads\/usu2419\/2023\/11\/Ultima-sessio-formacio-300x134.png 300w, https:\/\/projectes.xtec.cat\/integrafp\/wp-content\/uploads\/usu2419\/2023\/11\/Ultima-sessio-formacio-768x343.png 768w, https:\/\/projectes.xtec.cat\/integrafp\/wp-content\/uploads\/usu2419\/2023\/11\/Ultima-sessio-formacio-1536x686.png 1536w, https:\/\/projectes.xtec.cat\/integrafp\/wp-content\/uploads\/usu2419\/2023\/11\/Ultima-sessio-formacio.png 1873w\" sizes=\"auto, (max-width: 1024px) 100vw, 1024px\" \/><\/p>\n<ul>\n<li>Tercera part: DUBTES I INCID\u00c8NCIES<\/li>\n<\/ul>\n<p>Per acabar la sessi\u00f3, es va donar veu tots\/es assistents\/es per tal de resoldre els dubtes que van poder anar sorgint durant l&#8217;execuci\u00f3 d&#8217;aquest.<\/p>\n<p>&nbsp;<\/p>\n<p>Si us interessa aquesta formaci\u00f3, no dubteu en apuntar-vos a la propera edici\u00f3! Est\u00e0 previst tornar-la a fer al gener 2024.<\/p>\n<p>Equip IntegraFP<\/p>\n","protected":false},"excerpt":{"rendered":"<p>El passat dimarts dia 24 d&#8217;octubre de 2023, es va fer la \u00faltima sessi\u00f3 de la formaci\u00f3 &#8220;Introducci\u00f3 a la gesti\u00f3 de CPs&#8221;. La sessi\u00f3 es va dividir en tres parts:<\/p>\n<ul>\n<li>Primera part: GESTI\u00d3 ECON\u00d2MICA<\/li>\n<\/ul>\n<p>A l&#8217;inici de la sessi\u00f3 es va explicar la liquidaci\u00f3 dels certificats&hellip;  <a href=\"https:\/\/projectes.xtec.cat\/integrafp\/general\/ultima-sessio-de-la-formacio-introduccio-a-la-gestio-de-certificats-de-professionalitat\/\" title=\"Read \u00daltima sessi\u00f3 de la formaci\u00f3 &#8220;INTRODUCCI\u00d3 A LA GESTI\u00d3 DE CERTIFICATS DE PROFESSIONALITAT&#8221;\">Llegeix m\u00e9s\u00bb<\/a><\/p>\n","protected":false},"author":44,"featured_media":11225,"comment_status":"open","ping_status":"closed","sticky":false,"template":"","format":"standard","meta":{"_bbp_topic_count":0,"_bbp_reply_count":0,"_bbp_total_topic_count":0,"_bbp_total_reply_count":0,"_bbp_voice_count":0,"_bbp_anonymous_reply_count":0,"_bbp_topic_count_hidden":0,"_bbp_reply_count_hidden":0,"_bbp_forum_subforum_count":0,"footnotes":""},"categories":[64,154,1,29],"tags":[],"class_list":["post-11224","post","type-post","status-publish","format-standard","has-post-thumbnail","hentry","category-comunitat","category-formacio","category-general","category-portada"],"post_mailing_queue_ids":[],"_links":{"self":[{"href":"https:\/\/projectes.xtec.cat\/integrafp\/wp-json\/wp\/v2\/posts\/11224","targetHints":{"allow":["GET"]}}],"collection":[{"href":"https:\/\/projectes.xtec.cat\/integrafp\/wp-json\/wp\/v2\/posts"}],"about":[{"href":"https:\/\/projectes.xtec.cat\/integrafp\/wp-json\/wp\/v2\/types\/post"}],"author":[{"embeddable":true,"href":"https:\/\/projectes.xtec.cat\/integrafp\/wp-json\/wp\/v2\/users\/44"}],"replies":[{"embeddable":true,"href":"https:\/\/projectes.xtec.cat\/integrafp\/wp-json\/wp\/v2\/comments?post=11224"}],"version-history":[{"count":1,"href":"https:\/\/projectes.xtec.cat\/integrafp\/wp-json\/wp\/v2\/posts\/11224\/revisions"}],"predecessor-version":[{"id":11226,"href":"https:\/\/projectes.xtec.cat\/integrafp\/wp-json\/wp\/v2\/posts\/11224\/revisions\/11226"}],"wp:featuredmedia":[{"embeddable":true,"href":"https:\/\/projectes.xtec.cat\/integrafp\/wp-json\/wp\/v2\/media\/11225"}],"wp:attachment":[{"href":"https:\/\/projectes.xtec.cat\/integrafp\/wp-json\/wp\/v2\/media?parent=11224"}],"wp:term":[{"taxonomy":"category","embeddable":true,"href":"https:\/\/projectes.xtec.cat\/integrafp\/wp-json\/wp\/v2\/categories?post=11224"},{"taxonomy":"post_tag","embeddable":true,"href":"https:\/\/projectes.xtec.cat\/integrafp\/wp-json\/wp\/v2\/tags?post=11224"}],"curies":[{"name":"wp","href":"https:\/\/api.w.org\/{rel}","templated":true}]}}