{"id":11271,"date":"2023-11-17T12:56:34","date_gmt":"2023-11-17T11:56:34","guid":{"rendered":"https:\/\/projectes.xtec.cat\/integrafp\/?p=11271"},"modified":"2023-12-05T10:06:54","modified_gmt":"2023-12-05T09:06:54","slug":"ins-vic-arrenca-un-nou-curs-de-mecanitzacio-per-arrencament-de-ferritja","status":"publish","type":"post","link":"https:\/\/projectes.xtec.cat\/integrafp\/general\/ins-vic-arrenca-un-nou-curs-de-mecanitzacio-per-arrencament-de-ferritja\/","title":{"rendered":"INS Vic: Arrenca un nou curs de mecanitzaci\u00f3 per arrencament de ferritja"},"content":{"rendered":"<p style=\"margin: 9.0pt 0cm 0cm 0cm;\"><span style=\"font-size: 10.5pt; font-family: Roboto; color: #111111;\">El passat dilluns 6 de novembre, va comen\u00e7ar una nova edici\u00f3 del curs de certificat de professionalitat de mecanitzaci\u00f3 per arrencament de ferritja FMEH0109. Tot i que l\u2019arrencada del curs comporta les seves dificultats, l\u2019esfor\u00e7 val la pena. Aquest any, comptem amb alumnes motivats i amb moltes ganes d\u2019aprendre a mecanitzar amb torns i fresadores, tant convencionals com de control num\u00e8ric.<\/span><\/p>\n<p style=\"margin: 9.0pt 0cm 0cm 0cm;\"><span style=\"font-size: 10.5pt; font-family: Roboto; color: #111111;\">Tot apunta que el curs tindr\u00e0 un bon rati d\u2019aprofitament. Si les expectatives es compleixen, incorporarem un col\u00b7lectiu d\u2019operaris ben formats a les ind\u00fastries del sector metal\u00b7l\u00fargic del nostre entorn.<\/span><\/p>\n<p><a href=\"https:\/\/projectes.xtec.cat\/integrafp\/wp-content\/uploads\/usu2419\/2023\/11\/WhatsApp-Image-2023-11-16-at-11.51.03.jpeg\"><img loading=\"lazy\" decoding=\"async\" class=\"alignnone size-large wp-image-11272\" src=\"https:\/\/projectes.xtec.cat\/integrafp\/wp-content\/uploads\/usu2419\/2023\/11\/WhatsApp-Image-2023-11-16-at-11.51.03-1024x768.jpeg\" alt=\"\" width=\"1024\" height=\"768\" srcset=\"https:\/\/projectes.xtec.cat\/integrafp\/wp-content\/uploads\/usu2419\/2023\/11\/WhatsApp-Image-2023-11-16-at-11.51.03-1024x768.jpeg 1024w, https:\/\/projectes.xtec.cat\/integrafp\/wp-content\/uploads\/usu2419\/2023\/11\/WhatsApp-Image-2023-11-16-at-11.51.03-300x225.jpeg 300w, https:\/\/projectes.xtec.cat\/integrafp\/wp-content\/uploads\/usu2419\/2023\/11\/WhatsApp-Image-2023-11-16-at-11.51.03-768x576.jpeg 768w, https:\/\/projectes.xtec.cat\/integrafp\/wp-content\/uploads\/usu2419\/2023\/11\/WhatsApp-Image-2023-11-16-at-11.51.03-1536x1152.jpeg 1536w, https:\/\/projectes.xtec.cat\/integrafp\/wp-content\/uploads\/usu2419\/2023\/11\/WhatsApp-Image-2023-11-16-at-11.51.03-200x150.jpeg 200w, https:\/\/projectes.xtec.cat\/integrafp\/wp-content\/uploads\/usu2419\/2023\/11\/WhatsApp-Image-2023-11-16-at-11.51.03.jpeg 1600w\" sizes=\"auto, (max-width: 1024px) 100vw, 1024px\" \/><\/a><\/p>\n","protected":false},"excerpt":{"rendered":"<p>El passat dilluns 6 de novembre, va comen\u00e7ar una nova edici\u00f3 del curs de certificat de professionalitat de mecanitzaci\u00f3 per arrencament de ferritja FMEH0109. Tot i que l\u2019arrencada del curs comporta les seves dificultats, l\u2019esfor\u00e7 val la pena. Aquest any, comptem amb alumnes motivats i&hellip;  <a href=\"https:\/\/projectes.xtec.cat\/integrafp\/general\/ins-vic-arrenca-un-nou-curs-de-mecanitzacio-per-arrencament-de-ferritja\/\" title=\"Read INS Vic: Arrenca un nou curs de mecanitzaci\u00f3 per arrencament de ferritja\">Llegeix m\u00e9s\u00bb<\/a><\/p>\n","protected":false},"author":31,"featured_media":0,"comment_status":"open","ping_status":"closed","sticky":false,"template":"","format":"standard","meta":{"_bbp_topic_count":0,"_bbp_reply_count":0,"_bbp_total_topic_count":0,"_bbp_total_reply_count":0,"_bbp_voice_count":0,"_bbp_anonymous_reply_count":0,"_bbp_topic_count_hidden":0,"_bbp_reply_count_hidden":0,"_bbp_forum_subforum_count":0,"footnotes":""},"categories":[154,1,29],"tags":[295,296],"class_list":["post-11271","post","type-post","status-publish","format-standard","hentry","category-formacio","category-general","category-portada","tag-fabricacio-mecanica","tag-barcelona"],"post_mailing_queue_ids":[],"_links":{"self":[{"href":"https:\/\/projectes.xtec.cat\/integrafp\/wp-json\/wp\/v2\/posts\/11271","targetHints":{"allow":["GET"]}}],"collection":[{"href":"https:\/\/projectes.xtec.cat\/integrafp\/wp-json\/wp\/v2\/posts"}],"about":[{"href":"https:\/\/projectes.xtec.cat\/integrafp\/wp-json\/wp\/v2\/types\/post"}],"author":[{"embeddable":true,"href":"https:\/\/projectes.xtec.cat\/integrafp\/wp-json\/wp\/v2\/users\/31"}],"replies":[{"embeddable":true,"href":"https:\/\/projectes.xtec.cat\/integrafp\/wp-json\/wp\/v2\/comments?post=11271"}],"version-history":[{"count":3,"href":"https:\/\/projectes.xtec.cat\/integrafp\/wp-json\/wp\/v2\/posts\/11271\/revisions"}],"predecessor-version":[{"id":11284,"href":"https:\/\/projectes.xtec.cat\/integrafp\/wp-json\/wp\/v2\/posts\/11271\/revisions\/11284"}],"wp:attachment":[{"href":"https:\/\/projectes.xtec.cat\/integrafp\/wp-json\/wp\/v2\/media?parent=11271"}],"wp:term":[{"taxonomy":"category","embeddable":true,"href":"https:\/\/projectes.xtec.cat\/integrafp\/wp-json\/wp\/v2\/categories?post=11271"},{"taxonomy":"post_tag","embeddable":true,"href":"https:\/\/projectes.xtec.cat\/integrafp\/wp-json\/wp\/v2\/tags?post=11271"}],"curies":[{"name":"wp","href":"https:\/\/api.w.org\/{rel}","templated":true}]}}