{"id":11287,"date":"2023-11-22T11:49:49","date_gmt":"2023-11-22T10:49:49","guid":{"rendered":"https:\/\/projectes.xtec.cat\/integrafp\/?p=11287"},"modified":"2023-11-22T11:51:07","modified_gmt":"2023-11-22T10:51:07","slug":"la-unitat-integrafp-participa-a-les-xarxes-del-programa-orientafp","status":"publish","type":"post","link":"https:\/\/projectes.xtec.cat\/integrafp\/general\/la-unitat-integrafp-participa-a-les-xarxes-del-programa-orientafp\/","title":{"rendered":"La Unitat IntegraFP participa a les Xarxes del Programa OrientaFP"},"content":{"rendered":"<p>El passat dimarts 21 de novembre la Unitat IntegraFP va tenir l&#8217;oportunitat de participar a les Xarxes del Programa OrientaFP.<\/p>\n<p>Estem molt agra\u00efdes per deixar-nos intervenir en aquesta sessi\u00f3 i tenir l&#8217;oportunitat de presentar als 163 assistents &#8220;Qu\u00e8 s\u00f3n els Certificats de Professionalitat&#8221;. Es va fer una petita pinzellada de com s&#8217;organitzen, la relaci\u00f3\/equival\u00e8ncia amb altres formacions del sistema educatiu i quines s\u00f3n les avantatges per l&#8217;alumnat que els realitza.<\/p>\n<p>Una vegada m\u00e9s, gr\u00e0cies Maria Josep per poder fer visible la Formaci\u00f3 Professional Ocupacional a altres programes del Departament d&#8217;Educaci\u00f3.<\/p>\n<p><img loading=\"lazy\" decoding=\"async\" class=\"alignnone size-large wp-image-11288\" src=\"https:\/\/projectes.xtec.cat\/integrafp\/wp-content\/uploads\/usu2419\/2023\/11\/Participacio-OrientaFP-1024x576.jpg\" alt=\"\" width=\"1024\" height=\"576\" srcset=\"https:\/\/projectes.xtec.cat\/integrafp\/wp-content\/uploads\/usu2419\/2023\/11\/Participacio-OrientaFP-1024x576.jpg 1024w, https:\/\/projectes.xtec.cat\/integrafp\/wp-content\/uploads\/usu2419\/2023\/11\/Participacio-OrientaFP-300x169.jpg 300w, https:\/\/projectes.xtec.cat\/integrafp\/wp-content\/uploads\/usu2419\/2023\/11\/Participacio-OrientaFP-768x432.jpg 768w, https:\/\/projectes.xtec.cat\/integrafp\/wp-content\/uploads\/usu2419\/2023\/11\/Participacio-OrientaFP.jpg 1280w\" sizes=\"auto, (max-width: 1024px) 100vw, 1024px\" \/><\/p>\n","protected":false},"excerpt":{"rendered":"<p>El passat dimarts 21 de novembre la Unitat IntegraFP va tenir l&#8217;oportunitat de participar a les Xarxes del Programa OrientaFP.<br \/>\nEstem molt agra\u00efdes per deixar-nos intervenir en aquesta sessi\u00f3 i tenir l&#8217;oportunitat de presentar als 163 assistents &#8220;Qu\u00e8 s\u00f3n els Certificats de Professionalitat&#8221;. Es va fer&hellip;  <a href=\"https:\/\/projectes.xtec.cat\/integrafp\/general\/la-unitat-integrafp-participa-a-les-xarxes-del-programa-orientafp\/\" title=\"Read La Unitat IntegraFP participa a les Xarxes del Programa OrientaFP\">Llegeix m\u00e9s\u00bb<\/a><\/p>\n","protected":false},"author":44,"featured_media":11288,"comment_status":"open","ping_status":"closed","sticky":false,"template":"","format":"standard","meta":{"_bbp_topic_count":0,"_bbp_reply_count":0,"_bbp_total_topic_count":0,"_bbp_total_reply_count":0,"_bbp_voice_count":0,"_bbp_anonymous_reply_count":0,"_bbp_topic_count_hidden":0,"_bbp_reply_count_hidden":0,"_bbp_forum_subforum_count":0,"footnotes":""},"categories":[64,66,154,1,29],"tags":[],"class_list":["post-11287","post","type-post","status-publish","format-standard","has-post-thumbnail","hentry","category-comunitat","category-dinamitzacio","category-formacio","category-general","category-portada"],"post_mailing_queue_ids":[],"_links":{"self":[{"href":"https:\/\/projectes.xtec.cat\/integrafp\/wp-json\/wp\/v2\/posts\/11287","targetHints":{"allow":["GET"]}}],"collection":[{"href":"https:\/\/projectes.xtec.cat\/integrafp\/wp-json\/wp\/v2\/posts"}],"about":[{"href":"https:\/\/projectes.xtec.cat\/integrafp\/wp-json\/wp\/v2\/types\/post"}],"author":[{"embeddable":true,"href":"https:\/\/projectes.xtec.cat\/integrafp\/wp-json\/wp\/v2\/users\/44"}],"replies":[{"embeddable":true,"href":"https:\/\/projectes.xtec.cat\/integrafp\/wp-json\/wp\/v2\/comments?post=11287"}],"version-history":[{"count":2,"href":"https:\/\/projectes.xtec.cat\/integrafp\/wp-json\/wp\/v2\/posts\/11287\/revisions"}],"predecessor-version":[{"id":11290,"href":"https:\/\/projectes.xtec.cat\/integrafp\/wp-json\/wp\/v2\/posts\/11287\/revisions\/11290"}],"wp:featuredmedia":[{"embeddable":true,"href":"https:\/\/projectes.xtec.cat\/integrafp\/wp-json\/wp\/v2\/media\/11288"}],"wp:attachment":[{"href":"https:\/\/projectes.xtec.cat\/integrafp\/wp-json\/wp\/v2\/media?parent=11287"}],"wp:term":[{"taxonomy":"category","embeddable":true,"href":"https:\/\/projectes.xtec.cat\/integrafp\/wp-json\/wp\/v2\/categories?post=11287"},{"taxonomy":"post_tag","embeddable":true,"href":"https:\/\/projectes.xtec.cat\/integrafp\/wp-json\/wp\/v2\/tags?post=11287"}],"curies":[{"name":"wp","href":"https:\/\/api.w.org\/{rel}","templated":true}]}}