{"id":11292,"date":"2023-11-27T13:37:15","date_gmt":"2023-11-27T12:37:15","guid":{"rendered":"https:\/\/projectes.xtec.cat\/integrafp\/?p=11292"},"modified":"2024-01-09T08:18:32","modified_gmt":"2024-01-09T07:18:32","slug":"jornada-textil-i-talent-a-lanoia","status":"publish","type":"post","link":"https:\/\/projectes.xtec.cat\/integrafp\/general\/jornada-textil-i-talent-a-lanoia\/","title":{"rendered":"Jornada t\u00e8xtil i talent a l&#8217;Anoia"},"content":{"rendered":"<p>El passat divendres 24 de novembre vam assistir a l<span class=\"ui-provider ef bqk bql bqm bqn bqo bqp bqq bqr bqs bqt bqu bqv bqw bqx bqy bqz bra brb brc brd bre brf brg brh bri brj brk brl brm brn bro brp brq brr\" dir=\"ltr\">a <strong>Jornada de T\u00e8xtil i talent de l&#8217;Anoia<\/strong>, l&#8217;objectiu de la qual era donar a con\u00e8ixer les oportunitats que hi ha a la comarca de l\u2019Anoia pel que fa a la formaci\u00f3 i capacitaci\u00f3 d\u2019alumnes en mat\u00e8ries espec\u00edfiques sobre el sector t\u00e8xtil i les oportunitats d\u2019ocupaci\u00f3 a les empreses de la comarca.<\/span><\/p>\n<p><img loading=\"lazy\" decoding=\"async\" class=\"alignnone size-large wp-image-11293\" src=\"https:\/\/projectes.xtec.cat\/integrafp\/wp-content\/uploads\/usu2419\/2023\/11\/Jornada-textil-i-talent-a-lAnoia-1024x768.jpg\" alt=\"\" width=\"1024\" height=\"768\" srcset=\"https:\/\/projectes.xtec.cat\/integrafp\/wp-content\/uploads\/usu2419\/2023\/11\/Jornada-textil-i-talent-a-lAnoia-1024x768.jpg 1024w, https:\/\/projectes.xtec.cat\/integrafp\/wp-content\/uploads\/usu2419\/2023\/11\/Jornada-textil-i-talent-a-lAnoia-300x225.jpg 300w, https:\/\/projectes.xtec.cat\/integrafp\/wp-content\/uploads\/usu2419\/2023\/11\/Jornada-textil-i-talent-a-lAnoia-768x576.jpg 768w, https:\/\/projectes.xtec.cat\/integrafp\/wp-content\/uploads\/usu2419\/2023\/11\/Jornada-textil-i-talent-a-lAnoia-1536x1152.jpg 1536w, https:\/\/projectes.xtec.cat\/integrafp\/wp-content\/uploads\/usu2419\/2023\/11\/Jornada-textil-i-talent-a-lAnoia-2048x1536.jpg 2048w, https:\/\/projectes.xtec.cat\/integrafp\/wp-content\/uploads\/usu2419\/2023\/11\/Jornada-textil-i-talent-a-lAnoia-200x150.jpg 200w\" sizes=\"auto, (max-width: 1024px) 100vw, 1024px\" \/><\/p>\n<p>La primera part de la Jornada consistia en la pon\u00e8ncia <em>Com atraure el millor talent i com trobar oportunitats <\/em><em>professionals en el sector t\u00e8xtil<\/em>, a c\u00e0rrec de Toni Gimeno (expert en Inbound Recruiting &amp; Employer Branding).<\/p>\n<p>A continuaci\u00f3, vam participar <span class=\"ui-provider ef bqk bql bqm bqn bqo bqp bqq bqr bqs bqt bqu bqv bqw bqx bqy bqz bra brb brc brd bre brf brg brh bri brj brk brl brm brn bro brp brq brr\" dir=\"ltr\">al Networking <em>Experi\u00e8ncies de capacitaci\u00f3 en la ind\u00fastria t\u00e8xtil <\/em><\/span><span class=\"ui-provider ef bqk bql bqm bqn bqo bqp bqq bqr bqs bqt bqu bqv bqw bqx bqy bqz bra brb brc brd bre brf brg brh bri brj brk brl brm brn bro brp brq brr\" dir=\"ltr\">que comptava amb representants del Departament d&#8217;Educaci\u00f3 (professorat i alumnat de cicles de formaci\u00f3 professional i certificats de professionalitat), del SOC (T\u00e8cnica d&#8217;ocupaci\u00f3 de l&#8217;Ajuntament d&#8217;Igualada, i el Director de l\u2019Oficina de Treball de l\u2019Anoia), i d&#8217;empreses del sector (que acullen alumnat en pr\u00e0ctiques). En aquesta part, es va posar en manifest la import\u00e0ncia de coexistir diferents itineraris formatius per tal d&#8217;abastar la diversitat d&#8217;alumnat (joves, persones demandats d&#8217;ocupaci\u00f3 i altres professionals) com alumnat potencial en formar-se d&#8217;acord a les necessitats del territori. Perqu\u00e8 les <\/span><span class=\"ui-provider ef bqk bql bqm bqn bqo bqp bqq bqr bqs bqt bqu bqv bqw bqx bqy bqz bra brb brc brd bre brf brg brh bri brj brk brl brm brn bro brp brq brr\" dir=\"ltr\">estrat\u00e8gies territorials i locals s\u00f3n claus per seguir avan\u00e7ant.<\/span><\/p>\n<p>Per \u00faltim, donar gr\u00e0cies a IGNOVA-Ajuntament d\u2019Igualada per organitzar l&#8217;esdeveniment, amb la col\u00b7laboraci\u00f3 de FITEX i FAGEPI.<\/p>\n","protected":false},"excerpt":{"rendered":"<p>El passat divendres 24 de novembre vam assistir a la Jornada de T\u00e8xtil i talent de l&#8217;Anoia, l&#8217;objectiu de la qual era donar a con\u00e8ixer les oportunitats que hi ha a la comarca de l\u2019Anoia pel que fa a la formaci\u00f3 i capacitaci\u00f3 d\u2019alumnes en&hellip;  <a href=\"https:\/\/projectes.xtec.cat\/integrafp\/general\/jornada-textil-i-talent-a-lanoia\/\" title=\"Read Jornada t\u00e8xtil i talent a l&#8217;Anoia\">Llegeix m\u00e9s\u00bb<\/a><\/p>\n","protected":false},"author":44,"featured_media":11293,"comment_status":"open","ping_status":"closed","sticky":false,"template":"","format":"standard","meta":{"_bbp_topic_count":0,"_bbp_reply_count":0,"_bbp_total_topic_count":0,"_bbp_total_reply_count":0,"_bbp_voice_count":0,"_bbp_anonymous_reply_count":0,"_bbp_topic_count_hidden":0,"_bbp_reply_count_hidden":0,"_bbp_forum_subforum_count":0,"footnotes":""},"categories":[64,66,154,1,29],"tags":[327,296,326],"class_list":["post-11292","post","type-post","status-publish","format-standard","has-post-thumbnail","hentry","category-comunitat","category-dinamitzacio","category-formacio","category-general","category-portada","tag-confeccio-i-pell","tag-barcelona","tag-textil"],"post_mailing_queue_ids":[],"_links":{"self":[{"href":"https:\/\/projectes.xtec.cat\/integrafp\/wp-json\/wp\/v2\/posts\/11292","targetHints":{"allow":["GET"]}}],"collection":[{"href":"https:\/\/projectes.xtec.cat\/integrafp\/wp-json\/wp\/v2\/posts"}],"about":[{"href":"https:\/\/projectes.xtec.cat\/integrafp\/wp-json\/wp\/v2\/types\/post"}],"author":[{"embeddable":true,"href":"https:\/\/projectes.xtec.cat\/integrafp\/wp-json\/wp\/v2\/users\/44"}],"replies":[{"embeddable":true,"href":"https:\/\/projectes.xtec.cat\/integrafp\/wp-json\/wp\/v2\/comments?post=11292"}],"version-history":[{"count":1,"href":"https:\/\/projectes.xtec.cat\/integrafp\/wp-json\/wp\/v2\/posts\/11292\/revisions"}],"predecessor-version":[{"id":11294,"href":"https:\/\/projectes.xtec.cat\/integrafp\/wp-json\/wp\/v2\/posts\/11292\/revisions\/11294"}],"wp:featuredmedia":[{"embeddable":true,"href":"https:\/\/projectes.xtec.cat\/integrafp\/wp-json\/wp\/v2\/media\/11293"}],"wp:attachment":[{"href":"https:\/\/projectes.xtec.cat\/integrafp\/wp-json\/wp\/v2\/media?parent=11292"}],"wp:term":[{"taxonomy":"category","embeddable":true,"href":"https:\/\/projectes.xtec.cat\/integrafp\/wp-json\/wp\/v2\/categories?post=11292"},{"taxonomy":"post_tag","embeddable":true,"href":"https:\/\/projectes.xtec.cat\/integrafp\/wp-json\/wp\/v2\/tags?post=11292"}],"curies":[{"name":"wp","href":"https:\/\/api.w.org\/{rel}","templated":true}]}}