{"id":11326,"date":"2023-12-14T13:50:11","date_gmt":"2023-12-14T12:50:11","guid":{"rendered":"https:\/\/projectes.xtec.cat\/integrafp\/?p=11326"},"modified":"2023-12-14T13:50:56","modified_gmt":"2023-12-14T12:50:56","slug":"ins-de-flix-comenca-el-curs-certificat-de-professionalitat-muntatge-i-manteniment-dinstal%c2%b7lacions-solars-fotovoltaiques-a-linstitut-de-flix","status":"publish","type":"post","link":"https:\/\/projectes.xtec.cat\/integrafp\/general\/ins-de-flix-comenca-el-curs-certificat-de-professionalitat-muntatge-i-manteniment-dinstal%c2%b7lacions-solars-fotovoltaiques-a-linstitut-de-flix\/","title":{"rendered":"INS de Flix: COMEN\u00c7A EL CURS!! CERTIFICAT DE PROFESSIONALITAT MUNTATGE I MANTENIMENT D\u2019INSTAL\u00b7LACIONS SOLARS FOTOVOLTAIQUES"},"content":{"rendered":"<p>Dins l\u2019objectiu per promoure l&#8217;educaci\u00f3 i la formaci\u00f3 en energies renovables, l&#8217;Institut de Flix va engegar el passat mes d\u2019octubre, el curs ocupacional dedicat a l&#8217;energia solar fotovoltaica, \u201c<b><span style=\"font-size: 10.0pt;\">MUNTATGE I MANTENIMENT D\u2019INSTAL\u00b7LACIONS SOLARS FOTOVOLTAIQUES\u201d<\/span><\/b><\/p>\n<p>El cont<a href=\"https:\/\/projectes.xtec.cat\/integrafp\/wp-content\/uploads\/usu2419\/2023\/12\/image0.jpeg\"><img loading=\"lazy\" decoding=\"async\" class=\"wp-image-11327 alignleft\" src=\"https:\/\/projectes.xtec.cat\/integrafp\/wp-content\/uploads\/usu2419\/2023\/12\/image0-1024x768.jpeg\" alt=\"\" width=\"308\" height=\"231\" srcset=\"https:\/\/projectes.xtec.cat\/integrafp\/wp-content\/uploads\/usu2419\/2023\/12\/image0-1024x768.jpeg 1024w, https:\/\/projectes.xtec.cat\/integrafp\/wp-content\/uploads\/usu2419\/2023\/12\/image0-300x225.jpeg 300w, https:\/\/projectes.xtec.cat\/integrafp\/wp-content\/uploads\/usu2419\/2023\/12\/image0-768x576.jpeg 768w, https:\/\/projectes.xtec.cat\/integrafp\/wp-content\/uploads\/usu2419\/2023\/12\/image0-1536x1152.jpeg 1536w, https:\/\/projectes.xtec.cat\/integrafp\/wp-content\/uploads\/usu2419\/2023\/12\/image0-200x150.jpeg 200w, https:\/\/projectes.xtec.cat\/integrafp\/wp-content\/uploads\/usu2419\/2023\/12\/image0.jpeg 2000w\" sizes=\"auto, (max-width: 308px) 100vw, 308px\" \/><\/a>ingut del curs inclou des de les nocions b\u00e0siques fins a les t\u00e8cniques m\u00e9s avan\u00e7ades en la captaci\u00f3 i utilitzaci\u00f3 de l&#8217;energia solar. L\u2019alumnat t\u00e9 l&#8217;oportunitat de treballar amb equips de primera l\u00ednia i aprendran a instal\u00b7lar, mantenir i optimitzar sistemes fotovoltaics. Amb aquesta iniciativa, l&#8217;Institut de Flix, reafirma el seu comprom\u00eds amb l&#8217;educaci\u00f3 i la promoci\u00f3 de les energies sostenibles. El curs de solar fotovoltaica \u00e9s nom\u00e9s el punt de partida destinat a formar professionals capa\u00e7os de liderar el cam\u00ed cap a un futur m\u00e9s verd i sostenible.<\/p>\n<table style=\"border-collapse: collapse; width: 47.2765%; height: 192px;\">\n<tbody>\n<tr>\n<td style=\"width: 29.0881%;\"><img loading=\"lazy\" decoding=\"async\" class=\"wp-image-11328 aligncenter\" src=\"https:\/\/projectes.xtec.cat\/integrafp\/wp-content\/uploads\/usu2419\/2023\/12\/image1-768x1024.jpeg\" alt=\"\" width=\"133\" height=\"177\" srcset=\"https:\/\/projectes.xtec.cat\/integrafp\/wp-content\/uploads\/usu2419\/2023\/12\/image1-768x1024.jpeg 768w, https:\/\/projectes.xtec.cat\/integrafp\/wp-content\/uploads\/usu2419\/2023\/12\/image1-225x300.jpeg 225w, https:\/\/projectes.xtec.cat\/integrafp\/wp-content\/uploads\/usu2419\/2023\/12\/image1-1152x1536.jpeg 1152w, https:\/\/projectes.xtec.cat\/integrafp\/wp-content\/uploads\/usu2419\/2023\/12\/image1.jpeg 1500w\" sizes=\"auto, (max-width: 133px) 100vw, 133px\" \/><\/td>\n<td style=\"width: 26.7066%;\"><a href=\"https:\/\/projectes.xtec.cat\/integrafp\/wp-content\/uploads\/usu2419\/2023\/12\/image3.jpeg\"><img loading=\"lazy\" decoding=\"async\" class=\"wp-image-11330 alignleft\" src=\"https:\/\/projectes.xtec.cat\/integrafp\/wp-content\/uploads\/usu2419\/2023\/12\/image3-768x1024.jpeg\" alt=\"\" width=\"149\" height=\"198\" srcset=\"https:\/\/projectes.xtec.cat\/integrafp\/wp-content\/uploads\/usu2419\/2023\/12\/image3-768x1024.jpeg 768w, https:\/\/projectes.xtec.cat\/integrafp\/wp-content\/uploads\/usu2419\/2023\/12\/image3-225x300.jpeg 225w, https:\/\/projectes.xtec.cat\/integrafp\/wp-content\/uploads\/usu2419\/2023\/12\/image3-1152x1536.jpeg 1152w, https:\/\/projectes.xtec.cat\/integrafp\/wp-content\/uploads\/usu2419\/2023\/12\/image3.jpeg 1500w\" sizes=\"auto, (max-width: 149px) 100vw, 149px\" \/><\/a><\/td>\n<td style=\"width: 90.1091%;\"><a href=\"https:\/\/projectes.xtec.cat\/integrafp\/wp-content\/uploads\/usu2419\/2023\/12\/logo-ins-flix_clickedu.jpg\"><img loading=\"lazy\" decoding=\"async\" class=\"wp-image-11334 aligncenter\" src=\"https:\/\/projectes.xtec.cat\/integrafp\/wp-content\/uploads\/usu2419\/2023\/12\/logo-ins-flix_clickedu-883x1024.jpg\" alt=\"\" width=\"126\" height=\"146\" srcset=\"https:\/\/projectes.xtec.cat\/integrafp\/wp-content\/uploads\/usu2419\/2023\/12\/logo-ins-flix_clickedu-883x1024.jpg 883w, https:\/\/projectes.xtec.cat\/integrafp\/wp-content\/uploads\/usu2419\/2023\/12\/logo-ins-flix_clickedu-259x300.jpg 259w, https:\/\/projectes.xtec.cat\/integrafp\/wp-content\/uploads\/usu2419\/2023\/12\/logo-ins-flix_clickedu-768x890.jpg 768w, https:\/\/projectes.xtec.cat\/integrafp\/wp-content\/uploads\/usu2419\/2023\/12\/logo-ins-flix_clickedu.jpg 1169w\" sizes=\"auto, (max-width: 126px) 100vw, 126px\" \/><\/a><\/td>\n<\/tr>\n<\/tbody>\n<\/table>\n<p>&nbsp;<\/p>\n<p>&nbsp;<\/p>\n<p>&nbsp;<\/p>\n<p>&nbsp;<\/p>\n<p>&nbsp;<\/p>\n","protected":false},"excerpt":{"rendered":"<p>Dins l\u2019objectiu per promoure l&#8217;educaci\u00f3 i la formaci\u00f3 en energies renovables, l&#8217;Institut de Flix va engegar el passat mes d\u2019octubre, el curs ocupacional dedicat a l&#8217;energia solar fotovoltaica, \u201cMUNTATGE I MANTENIMENT D\u2019INSTAL\u00b7LACIONS SOLARS FOTOVOLTAIQUES\u201d<br \/>\nEl cont<a href=\"https:\/\/projectes.xtec.cat\/integrafp\/wp-content\/uploads\/usu2419\/2023\/12\/image0.jpeg\"><\/a>ingut del curs inclou des de les nocions b\u00e0siques fins&hellip;  <a href=\"https:\/\/projectes.xtec.cat\/integrafp\/general\/ins-de-flix-comenca-el-curs-certificat-de-professionalitat-muntatge-i-manteniment-dinstal%c2%b7lacions-solars-fotovoltaiques-a-linstitut-de-flix\/\" title=\"Read INS de Flix: COMEN\u00c7A EL CURS!! CERTIFICAT DE PROFESSIONALITAT MUNTATGE I MANTENIMENT D\u2019INSTAL\u00b7LACIONS SOLARS FOTOVOLTAIQUES\">Llegeix m\u00e9s\u00bb<\/a><\/p>\n","protected":false},"author":46,"featured_media":0,"comment_status":"open","ping_status":"closed","sticky":false,"template":"","format":"standard","meta":{"_bbp_topic_count":0,"_bbp_reply_count":0,"_bbp_total_topic_count":0,"_bbp_total_reply_count":0,"_bbp_voice_count":0,"_bbp_anonymous_reply_count":0,"_bbp_topic_count_hidden":0,"_bbp_reply_count_hidden":0,"_bbp_forum_subforum_count":0,"footnotes":""},"categories":[154,1,29],"tags":[308,299],"class_list":["post-11326","post","type-post","status-publish","format-standard","hentry","category-formacio","category-general","category-portada","tag-energia-i-aigua","tag-provincia-tarragona"],"post_mailing_queue_ids":[],"_links":{"self":[{"href":"https:\/\/projectes.xtec.cat\/integrafp\/wp-json\/wp\/v2\/posts\/11326","targetHints":{"allow":["GET"]}}],"collection":[{"href":"https:\/\/projectes.xtec.cat\/integrafp\/wp-json\/wp\/v2\/posts"}],"about":[{"href":"https:\/\/projectes.xtec.cat\/integrafp\/wp-json\/wp\/v2\/types\/post"}],"author":[{"embeddable":true,"href":"https:\/\/projectes.xtec.cat\/integrafp\/wp-json\/wp\/v2\/users\/46"}],"replies":[{"embeddable":true,"href":"https:\/\/projectes.xtec.cat\/integrafp\/wp-json\/wp\/v2\/comments?post=11326"}],"version-history":[{"count":6,"href":"https:\/\/projectes.xtec.cat\/integrafp\/wp-json\/wp\/v2\/posts\/11326\/revisions"}],"predecessor-version":[{"id":11406,"href":"https:\/\/projectes.xtec.cat\/integrafp\/wp-json\/wp\/v2\/posts\/11326\/revisions\/11406"}],"wp:attachment":[{"href":"https:\/\/projectes.xtec.cat\/integrafp\/wp-json\/wp\/v2\/media?parent=11326"}],"wp:term":[{"taxonomy":"category","embeddable":true,"href":"https:\/\/projectes.xtec.cat\/integrafp\/wp-json\/wp\/v2\/categories?post=11326"},{"taxonomy":"post_tag","embeddable":true,"href":"https:\/\/projectes.xtec.cat\/integrafp\/wp-json\/wp\/v2\/tags?post=11326"}],"curies":[{"name":"wp","href":"https:\/\/api.w.org\/{rel}","templated":true}]}}