{"id":11423,"date":"2023-12-20T12:18:57","date_gmt":"2023-12-20T11:18:57","guid":{"rendered":"https:\/\/projectes.xtec.cat\/integrafp\/?p=11423"},"modified":"2024-03-04T08:10:59","modified_gmt":"2024-03-04T07:10:59","slug":"inici-2a-edicio-curs-introduccio-a-la-gestio-dels-certificats-de-professionalitat","status":"publish","type":"post","link":"https:\/\/projectes.xtec.cat\/integrafp\/general\/inici-2a-edicio-curs-introduccio-a-la-gestio-dels-certificats-de-professionalitat\/","title":{"rendered":"Inscripci\u00f3 oberta al curs &#8220;Introducci\u00f3 a la gesti\u00f3 dels certificats de professionalitat&#8221;  2a edici\u00f3"},"content":{"rendered":"<p>Des de la Unitat IntegraFP us informem que ja est\u00e0 obert el per\u00edode per fer la inscripci\u00f3 a la 2a edici\u00f3 de la formaci\u00f3 introduct\u00f2ria sobre la <em>Gesti\u00f3 de certificats de professionalitat<\/em> adre\u00e7ada a direccions, coordinacions de CPS, membres d&#8217;equip directius i professorat dels centres educatius del Departament d&#8217;educaci\u00f3 que es vulguin iniciar en l&#8217;\u00e0mbit de la gesti\u00f3 i desenvolupament de certificats de professionalitat. L&#8217;objectiu del qual \u00e9s con\u00e8ixer els conceptes b\u00e0sics del CPs, les eines TIC necess\u00e0ries, la gesti\u00f3 econ\u00f2mica, la documentaci\u00f3 associada a tot el proc\u00e9s, i el desplegament curricular, per tal de tenir una visi\u00f3 global de tot el projecte.<\/p>\n<p style=\"text-align: center;\"><a href=\"https:\/\/projectes.xtec.cat\/integrafp\/wp-content\/uploads\/usu2419\/2023\/09\/Introduccio-a-la-gestio-dels-CPs_page-0001.jpg\"><img loading=\"lazy\" decoding=\"async\" class=\"alignnone wp-image-10980\" src=\"https:\/\/projectes.xtec.cat\/integrafp\/wp-content\/uploads\/usu2419\/2023\/09\/Introduccio-a-la-gestio-dels-CPs_page-0001.jpg\" alt=\"\" width=\"548\" height=\"333\" srcset=\"https:\/\/projectes.xtec.cat\/integrafp\/wp-content\/uploads\/usu2419\/2023\/09\/Introduccio-a-la-gestio-dels-CPs_page-0001.jpg 931w, https:\/\/projectes.xtec.cat\/integrafp\/wp-content\/uploads\/usu2419\/2023\/09\/Introduccio-a-la-gestio-dels-CPs_page-0001-300x182.jpg 300w, https:\/\/projectes.xtec.cat\/integrafp\/wp-content\/uploads\/usu2419\/2023\/09\/Introduccio-a-la-gestio-dels-CPs_page-0001-768x467.jpg 768w\" sizes=\"auto, (max-width: 548px) 100vw, 548px\" \/><\/a><\/p>\n<p>Aquesta formaci\u00f3 t\u00e9 una durada de 45h distribu\u00efdes en 5 sessions d&#8217;assist\u00e8ncia telem\u00e0tica i treball aut\u00f2nom:<\/p>\n<ul>\n<li>M\u00f2dul 1: 30\/01\/24 de 16-19h<\/li>\n<li>M\u00f2dul 2: 06\/02\/24 de 16-18h<\/li>\n<li>M\u00f2dul 3: 13\/02\/24 de 16-18h<\/li>\n<li>M\u00f2dul 4: 20\/02\/24 de 16-18h<\/li>\n<li>M\u00f2dul 5: 27\/02\/24 de 16-18h<\/li>\n<\/ul>\n<p>Si us interessa aquesta formaci\u00f3, no dubteu en apuntar-vos:\u00a0<span class=\"ui-provider ee bji bjf bjj bjk bjl bjm bjn bjo bjp bjq bjr bjs bjt bju bjv bjw bjx bjy bjz bka bkb bkc bkd bke bkf bkg bkh bki bkj bkk bkl bkm bkn bko\" dir=\"ltr\">Enlla\u00e7 a la <a class=\"fui-Link ___10kug0w f3rmtva f1ewtqcl fyind8e f1k6fduh f1w7gpdv fk6fouc fjoy568 figsok6 f1hu3pq6 f11qmguv f19f4twv f1tyq0we f1g0x7ka fhxju0i f1qch9an f1cnd47f fqv5qza f1vmzxwi f1o700av f13mvf36 f1cmlufx f9n3di6 f1ids18y f1tx3yz7 f1deo86v f1eh06m1 f1iescvh fhgqx19 f1olyrje f1p93eir f1nev41a f1h8hb77 f1lqvz6u f10aw75t fsle3fq f17ae5zn\" title=\"https:\/\/aplicacions.gestioeducativa.gencat.cat\/pls\/soloas\/pk_for_mod_ins.p_for_detall_activitat?p_header=llista%20d%27activitats%5epk_for_mod_ins.p_for_cons_activitats?p_totes=n%26p_inici=1%26p_excloure_crp_rec=t&amp;p_codi=9000400867&amp;p_curs=2023-2024&amp;p_es_inscr=s\" href=\"https:\/\/aplicacions.gestioeducativa.gencat.cat\/pls\/soloas\/pk_for_mod_ins.p_for_detall_activitat?p_header=Llista%20d%27activitats%5epk_for_mod_ins.p_for_cons_activitats?p_totes=N%26p_inici=1%26p_excloure_crp_rec=T&amp;p_codi=9000400867&amp;p_curs=2023-2024&amp;p_es_inscr=S\" target=\"_blank\" rel=\"noreferrer noopener\" aria-label=\"Enlla\u00e7 inscripci\u00f3\">inscripci\u00f3<\/a><\/span><\/p>\n<p>Equip IntegraFP<\/p>\n","protected":false},"excerpt":{"rendered":"<p>Des de la Unitat IntegraFP us informem que ja est\u00e0 obert el per\u00edode per fer la inscripci\u00f3 a la 2a edici\u00f3 de la formaci\u00f3 introduct\u00f2ria sobre la Gesti\u00f3 de certificats de professionalitat adre\u00e7ada a direccions, coordinacions de CPS, membres d&#8217;equip directius i professorat dels centres&hellip;  <a href=\"https:\/\/projectes.xtec.cat\/integrafp\/general\/inici-2a-edicio-curs-introduccio-a-la-gestio-dels-certificats-de-professionalitat\/\" title=\"Read Inscripci\u00f3 oberta al curs &#8220;Introducci\u00f3 a la gesti\u00f3 dels certificats de professionalitat&#8221;  2a edici\u00f3\">Llegeix m\u00e9s\u00bb<\/a><\/p>\n","protected":false},"author":44,"featured_media":10980,"comment_status":"open","ping_status":"closed","sticky":false,"template":"","format":"standard","meta":{"_bbp_topic_count":0,"_bbp_reply_count":0,"_bbp_total_topic_count":0,"_bbp_total_reply_count":0,"_bbp_voice_count":0,"_bbp_anonymous_reply_count":0,"_bbp_topic_count_hidden":0,"_bbp_reply_count_hidden":0,"_bbp_forum_subforum_count":0,"footnotes":""},"categories":[64,154,1,29,76],"tags":[],"class_list":["post-11423","post","type-post","status-publish","format-standard","has-post-thumbnail","hentry","category-comunitat","category-formacio","category-general","category-portada","category-recursos"],"post_mailing_queue_ids":[],"_links":{"self":[{"href":"https:\/\/projectes.xtec.cat\/integrafp\/wp-json\/wp\/v2\/posts\/11423","targetHints":{"allow":["GET"]}}],"collection":[{"href":"https:\/\/projectes.xtec.cat\/integrafp\/wp-json\/wp\/v2\/posts"}],"about":[{"href":"https:\/\/projectes.xtec.cat\/integrafp\/wp-json\/wp\/v2\/types\/post"}],"author":[{"embeddable":true,"href":"https:\/\/projectes.xtec.cat\/integrafp\/wp-json\/wp\/v2\/users\/44"}],"replies":[{"embeddable":true,"href":"https:\/\/projectes.xtec.cat\/integrafp\/wp-json\/wp\/v2\/comments?post=11423"}],"version-history":[{"count":3,"href":"https:\/\/projectes.xtec.cat\/integrafp\/wp-json\/wp\/v2\/posts\/11423\/revisions"}],"predecessor-version":[{"id":11426,"href":"https:\/\/projectes.xtec.cat\/integrafp\/wp-json\/wp\/v2\/posts\/11423\/revisions\/11426"}],"wp:featuredmedia":[{"embeddable":true,"href":"https:\/\/projectes.xtec.cat\/integrafp\/wp-json\/wp\/v2\/media\/10980"}],"wp:attachment":[{"href":"https:\/\/projectes.xtec.cat\/integrafp\/wp-json\/wp\/v2\/media?parent=11423"}],"wp:term":[{"taxonomy":"category","embeddable":true,"href":"https:\/\/projectes.xtec.cat\/integrafp\/wp-json\/wp\/v2\/categories?post=11423"},{"taxonomy":"post_tag","embeddable":true,"href":"https:\/\/projectes.xtec.cat\/integrafp\/wp-json\/wp\/v2\/tags?post=11423"}],"curies":[{"name":"wp","href":"https:\/\/api.w.org\/{rel}","templated":true}]}}