{"id":11483,"date":"2024-02-19T12:09:32","date_gmt":"2024-02-19T11:09:32","guid":{"rendered":"https:\/\/projectes.xtec.cat\/integrafp\/?p=11483"},"modified":"2024-02-29T14:27:52","modified_gmt":"2024-02-29T13:27:52","slug":"cps-al-salo-de-lensenyament","status":"publish","type":"post","link":"https:\/\/projectes.xtec.cat\/integrafp\/general\/cps-al-salo-de-lensenyament\/","title":{"rendered":"CPs al Sal\u00f3 de l&#8217;Ensenyament!"},"content":{"rendered":"<p>Aquest any, per primer cop, tindrem un espai al<b>\u00a0<a href=\"https:\/\/educacio.gencat.cat\/ca\/serveis-tramits\/salo-ensenyament\/\">Sal\u00f3 de l&#8217;Ensenyament<\/a>\u00a0<\/b>que se celebrar\u00e0 del 13 al 17 de mar\u00e7 a l&#8217;espai firal de Montju\u00efc, amb l&#8217;objectiu d&#8217;apropar els certificats de professionalitat a la comunitat educativa (centres i alumnat).<\/p>\n<p>Ens trobareu als Estands del Departament d&#8217;Educaci\u00f3 (Palau 2): certificats de professionalitat.<img loading=\"lazy\" decoding=\"async\" class=\"alignnone size-full wp-image-11484\" src=\"https:\/\/projectes.xtec.cat\/integrafp\/wp-content\/uploads\/usu2419\/2024\/02\/montjuic.png_80150926.png\" alt=\"\" width=\"1011\" height=\"853\" srcset=\"https:\/\/projectes.xtec.cat\/integrafp\/wp-content\/uploads\/usu2419\/2024\/02\/montjuic.png_80150926.png 1011w, https:\/\/projectes.xtec.cat\/integrafp\/wp-content\/uploads\/usu2419\/2024\/02\/montjuic.png_80150926-300x253.png 300w, https:\/\/projectes.xtec.cat\/integrafp\/wp-content\/uploads\/usu2419\/2024\/02\/montjuic.png_80150926-768x648.png 768w\" sizes=\"auto, (max-width: 1011px) 100vw, 1011px\" \/><\/p>\n","protected":false},"excerpt":{"rendered":"<p>Aquest any, per primer cop, tindrem un espai al\u00a0<a href=\"https:\/\/educacio.gencat.cat\/ca\/serveis-tramits\/salo-ensenyament\/\">Sal\u00f3 de l&#8217;Ensenyament<\/a>\u00a0que se celebrar\u00e0 del 13 al 17 de mar\u00e7 a l&#8217;espai firal de Montju\u00efc, amb l&#8217;objectiu d&#8217;apropar els certificats de professionalitat a la comunitat educativa (centres i alumnat).<br \/>\nEns trobareu als Estands del Departament d&#8217;Educaci\u00f3&hellip;  <a href=\"https:\/\/projectes.xtec.cat\/integrafp\/general\/cps-al-salo-de-lensenyament\/\" title=\"Read CPs al Sal\u00f3 de l&#8217;Ensenyament!\">Llegeix m\u00e9s\u00bb<\/a><\/p>\n","protected":false},"author":44,"featured_media":11484,"comment_status":"open","ping_status":"closed","sticky":false,"template":"","format":"standard","meta":{"_bbp_topic_count":0,"_bbp_reply_count":0,"_bbp_total_topic_count":0,"_bbp_total_reply_count":0,"_bbp_voice_count":0,"_bbp_anonymous_reply_count":0,"_bbp_topic_count_hidden":0,"_bbp_reply_count_hidden":0,"_bbp_forum_subforum_count":0,"footnotes":""},"categories":[64,66,154,1,29],"tags":[],"class_list":["post-11483","post","type-post","status-publish","format-standard","has-post-thumbnail","hentry","category-comunitat","category-dinamitzacio","category-formacio","category-general","category-portada"],"post_mailing_queue_ids":[],"_links":{"self":[{"href":"https:\/\/projectes.xtec.cat\/integrafp\/wp-json\/wp\/v2\/posts\/11483","targetHints":{"allow":["GET"]}}],"collection":[{"href":"https:\/\/projectes.xtec.cat\/integrafp\/wp-json\/wp\/v2\/posts"}],"about":[{"href":"https:\/\/projectes.xtec.cat\/integrafp\/wp-json\/wp\/v2\/types\/post"}],"author":[{"embeddable":true,"href":"https:\/\/projectes.xtec.cat\/integrafp\/wp-json\/wp\/v2\/users\/44"}],"replies":[{"embeddable":true,"href":"https:\/\/projectes.xtec.cat\/integrafp\/wp-json\/wp\/v2\/comments?post=11483"}],"version-history":[{"count":3,"href":"https:\/\/projectes.xtec.cat\/integrafp\/wp-json\/wp\/v2\/posts\/11483\/revisions"}],"predecessor-version":[{"id":11487,"href":"https:\/\/projectes.xtec.cat\/integrafp\/wp-json\/wp\/v2\/posts\/11483\/revisions\/11487"}],"wp:featuredmedia":[{"embeddable":true,"href":"https:\/\/projectes.xtec.cat\/integrafp\/wp-json\/wp\/v2\/media\/11484"}],"wp:attachment":[{"href":"https:\/\/projectes.xtec.cat\/integrafp\/wp-json\/wp\/v2\/media?parent=11483"}],"wp:term":[{"taxonomy":"category","embeddable":true,"href":"https:\/\/projectes.xtec.cat\/integrafp\/wp-json\/wp\/v2\/categories?post=11483"},{"taxonomy":"post_tag","embeddable":true,"href":"https:\/\/projectes.xtec.cat\/integrafp\/wp-json\/wp\/v2\/tags?post=11483"}],"curies":[{"name":"wp","href":"https:\/\/api.w.org\/{rel}","templated":true}]}}