{"id":11492,"date":"2024-03-07T13:00:08","date_gmt":"2024-03-07T12:00:08","guid":{"rendered":"https:\/\/projectes.xtec.cat\/integrafp\/?p=11492"},"modified":"2024-03-07T13:00:08","modified_gmt":"2024-03-07T12:00:08","slug":"ins-palamos-imparteix-el-certificat-professional-datencio-sociosanitaria-a-persones-dependents-en-institucions","status":"publish","type":"post","link":"https:\/\/projectes.xtec.cat\/integrafp\/general\/ins-palamos-imparteix-el-certificat-professional-datencio-sociosanitaria-a-persones-dependents-en-institucions\/","title":{"rendered":"INS Palam\u00f3s: imparteix el certificat Professional d&#8217;Atenci\u00f3 Sociosanit\u00e0ria a persones dependents en institucions"},"content":{"rendered":"<p>Enguany l&#8217;Institut de Palam\u00f3s ofereix el CP SSCS0208 d&#8217;Atenci\u00f3 Sociosanit\u00e0ria a persones dependents en institucions des del mes de novembre de 2023.<\/p>\n<p>Aquest certificat est\u00e0 adre\u00e7at a persones inscrites al SOC que pretenen formar-se per atendre a persones dependent aplicant estrat\u00e8gies dissenyades i els procediments per mantenir i millorar la seva autonomia personal i les relacions amb l&#8217;entorn.<\/p>\n<p>Vist l&#8217;\u00e8xit d&#8217;aquesta convocat\u00f2ria el proper curs 2024-25 tenim intenci\u00f3 de repetir-lo ja que el grau d&#8217;inserci\u00f3 de les persones que obtenen aquest certificat \u00e9s realment molt elevat.<\/p>\n","protected":false},"excerpt":{"rendered":"<p>Enguany l&#8217;Institut de Palam\u00f3s ofereix el CP SSCS0208 d&#8217;Atenci\u00f3 Sociosanit\u00e0ria a persones dependents en institucions des del mes de novembre de 2023.<br \/>\nAquest certificat est\u00e0 adre\u00e7at a persones inscrites al SOC que pretenen formar-se per atendre a persones dependent aplicant estrat\u00e8gies dissenyades i els procediments per&hellip;  <a href=\"https:\/\/projectes.xtec.cat\/integrafp\/general\/ins-palamos-imparteix-el-certificat-professional-datencio-sociosanitaria-a-persones-dependents-en-institucions\/\" title=\"Read INS Palam\u00f3s: imparteix el certificat Professional d&#8217;Atenci\u00f3 Sociosanit\u00e0ria a persones dependents en institucions\">Llegeix m\u00e9s\u00bb<\/a><\/p>\n","protected":false},"author":91,"featured_media":0,"comment_status":"open","ping_status":"closed","sticky":false,"template":"","format":"standard","meta":{"_bbp_topic_count":0,"_bbp_reply_count":0,"_bbp_total_topic_count":0,"_bbp_total_reply_count":0,"_bbp_voice_count":0,"_bbp_anonymous_reply_count":0,"_bbp_topic_count_hidden":0,"_bbp_reply_count_hidden":0,"_bbp_forum_subforum_count":0,"footnotes":""},"categories":[154,1,29],"tags":[297,320],"class_list":["post-11492","post","type-post","status-publish","format-standard","hentry","category-formacio","category-general","category-portada","tag-girona","tag-serveis-socioculturals-i-a-la-comunitat"],"post_mailing_queue_ids":[],"_links":{"self":[{"href":"https:\/\/projectes.xtec.cat\/integrafp\/wp-json\/wp\/v2\/posts\/11492","targetHints":{"allow":["GET"]}}],"collection":[{"href":"https:\/\/projectes.xtec.cat\/integrafp\/wp-json\/wp\/v2\/posts"}],"about":[{"href":"https:\/\/projectes.xtec.cat\/integrafp\/wp-json\/wp\/v2\/types\/post"}],"author":[{"embeddable":true,"href":"https:\/\/projectes.xtec.cat\/integrafp\/wp-json\/wp\/v2\/users\/91"}],"replies":[{"embeddable":true,"href":"https:\/\/projectes.xtec.cat\/integrafp\/wp-json\/wp\/v2\/comments?post=11492"}],"version-history":[{"count":5,"href":"https:\/\/projectes.xtec.cat\/integrafp\/wp-json\/wp\/v2\/posts\/11492\/revisions"}],"predecessor-version":[{"id":11564,"href":"https:\/\/projectes.xtec.cat\/integrafp\/wp-json\/wp\/v2\/posts\/11492\/revisions\/11564"}],"wp:attachment":[{"href":"https:\/\/projectes.xtec.cat\/integrafp\/wp-json\/wp\/v2\/media?parent=11492"}],"wp:term":[{"taxonomy":"category","embeddable":true,"href":"https:\/\/projectes.xtec.cat\/integrafp\/wp-json\/wp\/v2\/categories?post=11492"},{"taxonomy":"post_tag","embeddable":true,"href":"https:\/\/projectes.xtec.cat\/integrafp\/wp-json\/wp\/v2\/tags?post=11492"}],"curies":[{"name":"wp","href":"https:\/\/api.w.org\/{rel}","templated":true}]}}