{"id":11494,"date":"2024-02-29T14:44:23","date_gmt":"2024-02-29T13:44:23","guid":{"rendered":"https:\/\/projectes.xtec.cat\/integrafp\/?p=11494"},"modified":"2024-02-29T14:44:23","modified_gmt":"2024-02-29T13:44:23","slug":"ins-els-alfacs-certificat-professional-de-manteniment-dembarcacions-desbarjo","status":"publish","type":"post","link":"https:\/\/projectes.xtec.cat\/integrafp\/general\/ins-els-alfacs-certificat-professional-de-manteniment-dembarcacions-desbarjo\/","title":{"rendered":"INS Els Alfacs: Certificat professional de manteniment d\u2019embarcacions d\u2019esbarjo"},"content":{"rendered":"<p><span style=\"font-weight: 400;\">Des del passat mes de novembre, a les instal\u00b7lacions del Port de l&#8217;Institut Els Alfacs de La R\u00e0pita, s\u2019est\u00e0 executant el certificat de professionalitat nivell 2: \u201c<\/span><i><span style=\"font-weight: 400;\">Pintura, reparaci\u00f3 i construcci\u00f3 d\u2019elements de pl\u00e0stic refor\u00e7at amb fibra d\u2019embarcacions esportives i d\u2019esbarjo<\/span><\/i><span style=\"font-weight: 400;\">\u201d aquesta formaci\u00f3 forma part de la fam\u00edlia professional de manteniment de vehicles.<\/span><\/p>\n<p><span style=\"font-weight: 400;\">El curs capacita i especialitza l\u2019alumnat en el treballs de manteniment i reparaci\u00f3 d\u2019embarcacions amb fibra i pintura. \u00c9s una formaci\u00f3 principalment pr\u00e0ctica, on l\u2019alumnat per equips est\u00e0 reparants barques de petit format. Amb aquesta formaci\u00f3 l\u2019alumnat que vulgui continuar la seva formaci\u00f3 tindr\u00e0 la convalidaci\u00f3 dels m\u00f2duls de fibra i pintura del CFGM Manteniment d\u2019Embarcacions d\u2019Esbarjo.<\/span><\/p>\n<p><span style=\"font-weight: 400;\">A la finalitzaci\u00f3 del m\u00f2duls de formaci\u00f3 CEN i complement\u00e0ria, l\u2019alumnat t\u00e9 la possibilitat de fer pr\u00e0ctiques en empreses del sector.<\/span><\/p>\n<p><a href=\"https:\/\/projectes.xtec.cat\/integrafp\/wp-content\/uploads\/usu2419\/2024\/02\/Pintura-3.jpg\"><img loading=\"lazy\" decoding=\"async\" class=\"alignnone size-large wp-image-11497\" src=\"https:\/\/projectes.xtec.cat\/integrafp\/wp-content\/uploads\/usu2419\/2024\/02\/Pintura-3-768x1024.jpg\" alt=\"\" width=\"768\" height=\"1024\" srcset=\"https:\/\/projectes.xtec.cat\/integrafp\/wp-content\/uploads\/usu2419\/2024\/02\/Pintura-3-768x1024.jpg 768w, https:\/\/projectes.xtec.cat\/integrafp\/wp-content\/uploads\/usu2419\/2024\/02\/Pintura-3-225x300.jpg 225w, https:\/\/projectes.xtec.cat\/integrafp\/wp-content\/uploads\/usu2419\/2024\/02\/Pintura-3-1152x1536.jpg 1152w, https:\/\/projectes.xtec.cat\/integrafp\/wp-content\/uploads\/usu2419\/2024\/02\/Pintura-3.jpg 1536w\" sizes=\"auto, (max-width: 768px) 100vw, 768px\" \/><\/a> <a href=\"https:\/\/projectes.xtec.cat\/integrafp\/wp-content\/uploads\/usu2419\/2024\/02\/Pintura-2.jpg\"><img loading=\"lazy\" decoding=\"async\" class=\"alignnone size-large wp-image-11496\" src=\"https:\/\/projectes.xtec.cat\/integrafp\/wp-content\/uploads\/usu2419\/2024\/02\/Pintura-2-768x1024.jpg\" alt=\"\" width=\"768\" height=\"1024\" srcset=\"https:\/\/projectes.xtec.cat\/integrafp\/wp-content\/uploads\/usu2419\/2024\/02\/Pintura-2-768x1024.jpg 768w, https:\/\/projectes.xtec.cat\/integrafp\/wp-content\/uploads\/usu2419\/2024\/02\/Pintura-2-225x300.jpg 225w, https:\/\/projectes.xtec.cat\/integrafp\/wp-content\/uploads\/usu2419\/2024\/02\/Pintura-2-1152x1536.jpg 1152w, https:\/\/projectes.xtec.cat\/integrafp\/wp-content\/uploads\/usu2419\/2024\/02\/Pintura-2.jpg 1536w\" sizes=\"auto, (max-width: 768px) 100vw, 768px\" \/><\/a> <a href=\"https:\/\/projectes.xtec.cat\/integrafp\/wp-content\/uploads\/usu2419\/2024\/02\/Pintura-1.jpg\"><img loading=\"lazy\" decoding=\"async\" class=\"alignnone size-large wp-image-11495\" src=\"https:\/\/projectes.xtec.cat\/integrafp\/wp-content\/uploads\/usu2419\/2024\/02\/Pintura-1-768x1024.jpg\" alt=\"\" width=\"768\" height=\"1024\" srcset=\"https:\/\/projectes.xtec.cat\/integrafp\/wp-content\/uploads\/usu2419\/2024\/02\/Pintura-1-768x1024.jpg 768w, https:\/\/projectes.xtec.cat\/integrafp\/wp-content\/uploads\/usu2419\/2024\/02\/Pintura-1-225x300.jpg 225w, https:\/\/projectes.xtec.cat\/integrafp\/wp-content\/uploads\/usu2419\/2024\/02\/Pintura-1-1152x1536.jpg 1152w, https:\/\/projectes.xtec.cat\/integrafp\/wp-content\/uploads\/usu2419\/2024\/02\/Pintura-1.jpg 1536w\" sizes=\"auto, (max-width: 768px) 100vw, 768px\" \/><\/a><\/p>\n","protected":false},"excerpt":{"rendered":"<p>Des del passat mes de novembre, a les instal\u00b7lacions del Port de l&#8217;Institut Els Alfacs de La R\u00e0pita, s\u2019est\u00e0 executant el certificat de professionalitat nivell 2: \u201cPintura, reparaci\u00f3 i construcci\u00f3 d\u2019elements de pl\u00e0stic refor\u00e7at amb fibra d\u2019embarcacions esportives i d\u2019esbarjo\u201d aquesta formaci\u00f3 forma part de&hellip;  <a href=\"https:\/\/projectes.xtec.cat\/integrafp\/general\/ins-els-alfacs-certificat-professional-de-manteniment-dembarcacions-desbarjo\/\" title=\"Read INS Els Alfacs: Certificat professional de manteniment d\u2019embarcacions d\u2019esbarjo\">Llegeix m\u00e9s\u00bb<\/a><\/p>\n","protected":false},"author":62,"featured_media":11497,"comment_status":"open","ping_status":"closed","sticky":false,"template":"","format":"standard","meta":{"_bbp_topic_count":0,"_bbp_reply_count":0,"_bbp_total_topic_count":0,"_bbp_total_reply_count":0,"_bbp_voice_count":0,"_bbp_anonymous_reply_count":0,"_bbp_topic_count_hidden":0,"_bbp_reply_count_hidden":0,"_bbp_forum_subforum_count":0,"footnotes":""},"categories":[154,1,29],"tags":[299,322],"class_list":["post-11494","post","type-post","status-publish","format-standard","has-post-thumbnail","hentry","category-formacio","category-general","category-portada","tag-provincia-tarragona","tag-transport-i-manteniment-de-vehicles"],"post_mailing_queue_ids":[],"_links":{"self":[{"href":"https:\/\/projectes.xtec.cat\/integrafp\/wp-json\/wp\/v2\/posts\/11494","targetHints":{"allow":["GET"]}}],"collection":[{"href":"https:\/\/projectes.xtec.cat\/integrafp\/wp-json\/wp\/v2\/posts"}],"about":[{"href":"https:\/\/projectes.xtec.cat\/integrafp\/wp-json\/wp\/v2\/types\/post"}],"author":[{"embeddable":true,"href":"https:\/\/projectes.xtec.cat\/integrafp\/wp-json\/wp\/v2\/users\/62"}],"replies":[{"embeddable":true,"href":"https:\/\/projectes.xtec.cat\/integrafp\/wp-json\/wp\/v2\/comments?post=11494"}],"version-history":[{"count":2,"href":"https:\/\/projectes.xtec.cat\/integrafp\/wp-json\/wp\/v2\/posts\/11494\/revisions"}],"predecessor-version":[{"id":11535,"href":"https:\/\/projectes.xtec.cat\/integrafp\/wp-json\/wp\/v2\/posts\/11494\/revisions\/11535"}],"wp:featuredmedia":[{"embeddable":true,"href":"https:\/\/projectes.xtec.cat\/integrafp\/wp-json\/wp\/v2\/media\/11497"}],"wp:attachment":[{"href":"https:\/\/projectes.xtec.cat\/integrafp\/wp-json\/wp\/v2\/media?parent=11494"}],"wp:term":[{"taxonomy":"category","embeddable":true,"href":"https:\/\/projectes.xtec.cat\/integrafp\/wp-json\/wp\/v2\/categories?post=11494"},{"taxonomy":"post_tag","embeddable":true,"href":"https:\/\/projectes.xtec.cat\/integrafp\/wp-json\/wp\/v2\/tags?post=11494"}],"curies":[{"name":"wp","href":"https:\/\/api.w.org\/{rel}","templated":true}]}}