{"id":11499,"date":"2024-03-01T14:05:56","date_gmt":"2024-03-01T13:05:56","guid":{"rendered":"https:\/\/projectes.xtec.cat\/integrafp\/?p=11499"},"modified":"2024-03-01T14:07:40","modified_gmt":"2024-03-01T13:07:40","slug":"ins-caparrella-certificat-professional-doperacions-auxiliars-de-muntatge-dinstallacions-electrotecniques-i-de-telecomunicacions-en-edificis","status":"publish","type":"post","link":"https:\/\/projectes.xtec.cat\/integrafp\/general\/ins-caparrella-certificat-professional-doperacions-auxiliars-de-muntatge-dinstallacions-electrotecniques-i-de-telecomunicacions-en-edificis\/","title":{"rendered":"INS Caparrella: Certificat professional d\u2019Operacions auxiliars de muntatge d\u2019instal\u00b7lacions electrot\u00e8cniques i de telecomunicacions en edificis"},"content":{"rendered":"<p>Des del 2 de novembre l&#8217;<a href=\"http:\/\/iescaparrella.cat\/\">Institut Caparrella<\/a> de Lleida imparteix el certificat professional d\u2019<em>Operacions auxiliars de muntatge instal\u00b7lacions electrot\u00e8cniques i de telecomunicacions en edifi<\/em>cis (ELES0208), un certificat de nivell 1 de la fam\u00edlia professional d&#8217;Electricitat i Electr\u00f2nica.<\/p>\n<p>Ara mateix, el curs est\u00e0 arribant a la seva finalitzaci\u00f3 amb una gran assist\u00e8ncia i aprofitament per part dels alumnes, els quals estan molt satisfets i preveuen una millora de la seva qualificaci\u00f3 professional.<\/p>\n<p>A partir del mes de mar\u00e7 iniciarem el m\u00f2dul de pr\u00e0ctiques no laborals en l&#8217;empresa amb una durada de 80 hores que esperem resulti una introducci\u00f3 en el camp professional dels estudis.<\/p>\n<p><a href=\"https:\/\/projectes.xtec.cat\/integrafp\/wp-content\/uploads\/usu2419\/2024\/02\/4-scaled.jpg\">\u00a0 \u00a0 <\/a><a href=\"https:\/\/projectes.xtec.cat\/integrafp\/wp-content\/uploads\/usu2419\/2024\/02\/4-scaled.jpg\"><img loading=\"lazy\" decoding=\"async\" class=\"aligncenter wp-image-11504 size-large\" src=\"https:\/\/projectes.xtec.cat\/integrafp\/wp-content\/uploads\/usu2419\/2024\/02\/4-1024x768.jpg\" alt=\"\" width=\"1024\" height=\"768\" srcset=\"https:\/\/projectes.xtec.cat\/integrafp\/wp-content\/uploads\/usu2419\/2024\/02\/4-1024x768.jpg 1024w, https:\/\/projectes.xtec.cat\/integrafp\/wp-content\/uploads\/usu2419\/2024\/02\/4-300x225.jpg 300w, https:\/\/projectes.xtec.cat\/integrafp\/wp-content\/uploads\/usu2419\/2024\/02\/4-768x576.jpg 768w, https:\/\/projectes.xtec.cat\/integrafp\/wp-content\/uploads\/usu2419\/2024\/02\/4-1536x1152.jpg 1536w, https:\/\/projectes.xtec.cat\/integrafp\/wp-content\/uploads\/usu2419\/2024\/02\/4-2048x1536.jpg 2048w, https:\/\/projectes.xtec.cat\/integrafp\/wp-content\/uploads\/usu2419\/2024\/02\/4-200x150.jpg 200w\" sizes=\"auto, (max-width: 1024px) 100vw, 1024px\" \/><\/a><\/p>\n<p><a href=\"https:\/\/projectes.xtec.cat\/integrafp\/wp-content\/uploads\/usu2419\/2024\/02\/4-scaled.jpg\">\u00a0 \u00a0 \u00a0 \u00a0<\/a><a href=\"https:\/\/projectes.xtec.cat\/integrafp\/wp-content\/uploads\/usu2419\/2024\/02\/5-scaled.jpg\"> \u00a0\u00a0\u00a0\u00a0\u00a0\u00a0<\/a><a href=\"https:\/\/projectes.xtec.cat\/integrafp\/wp-content\/uploads\/usu2419\/2024\/02\/5-scaled.jpg\"><img loading=\"lazy\" decoding=\"async\" class=\"aligncenter wp-image-11503 size-large\" src=\"https:\/\/projectes.xtec.cat\/integrafp\/wp-content\/uploads\/usu2419\/2024\/02\/5-768x1024.jpg\" alt=\"\" width=\"768\" height=\"1024\" srcset=\"https:\/\/projectes.xtec.cat\/integrafp\/wp-content\/uploads\/usu2419\/2024\/02\/5-768x1024.jpg 768w, https:\/\/projectes.xtec.cat\/integrafp\/wp-content\/uploads\/usu2419\/2024\/02\/5-225x300.jpg 225w, https:\/\/projectes.xtec.cat\/integrafp\/wp-content\/uploads\/usu2419\/2024\/02\/5-1152x1536.jpg 1152w, https:\/\/projectes.xtec.cat\/integrafp\/wp-content\/uploads\/usu2419\/2024\/02\/5-1536x2048.jpg 1536w, https:\/\/projectes.xtec.cat\/integrafp\/wp-content\/uploads\/usu2419\/2024\/02\/5-scaled.jpg 1920w\" sizes=\"auto, (max-width: 768px) 100vw, 768px\" \/><\/a><\/p>\n<p><a href=\"https:\/\/projectes.xtec.cat\/integrafp\/wp-content\/uploads\/usu2419\/2024\/02\/5-scaled.jpg\">\u00a0\u00a0\u00a0\u00a0\u00a0<\/a><a href=\"https:\/\/projectes.xtec.cat\/integrafp\/wp-content\/uploads\/usu2419\/2024\/02\/1-1-scaled.jpg\"><img loading=\"lazy\" decoding=\"async\" class=\"aligncenter wp-image-11506 size-large\" src=\"https:\/\/projectes.xtec.cat\/integrafp\/wp-content\/uploads\/usu2419\/2024\/02\/1-1-768x1024.jpg\" alt=\"\" width=\"768\" height=\"1024\" srcset=\"https:\/\/projectes.xtec.cat\/integrafp\/wp-content\/uploads\/usu2419\/2024\/02\/1-1-768x1024.jpg 768w, https:\/\/projectes.xtec.cat\/integrafp\/wp-content\/uploads\/usu2419\/2024\/02\/1-1-225x300.jpg 225w, https:\/\/projectes.xtec.cat\/integrafp\/wp-content\/uploads\/usu2419\/2024\/02\/1-1-1152x1536.jpg 1152w, https:\/\/projectes.xtec.cat\/integrafp\/wp-content\/uploads\/usu2419\/2024\/02\/1-1-1536x2048.jpg 1536w, https:\/\/projectes.xtec.cat\/integrafp\/wp-content\/uploads\/usu2419\/2024\/02\/1-1-scaled.jpg 1920w\" sizes=\"auto, (max-width: 768px) 100vw, 768px\" \/><\/a><\/p>\n<p>&nbsp;<\/p>\n<p>&nbsp;<\/p>\n","protected":false},"excerpt":{"rendered":"<p>Des del 2 de novembre l&#8217;<a href=\"http:\/\/iescaparrella.cat\/\">Institut Caparrella<\/a> de Lleida imparteix el certificat professional d\u2019Operacions auxiliars de muntatge instal\u00b7lacions electrot\u00e8cniques i de telecomunicacions en edificis (ELES0208), un certificat de nivell 1 de la fam\u00edlia professional d&#8217;Electricitat i Electr\u00f2nica.<br \/>\nAra mateix, el curs est\u00e0 arribant a la&hellip;  <a href=\"https:\/\/projectes.xtec.cat\/integrafp\/general\/ins-caparrella-certificat-professional-doperacions-auxiliars-de-muntatge-dinstallacions-electrotecniques-i-de-telecomunicacions-en-edificis\/\" title=\"Read INS Caparrella: Certificat professional d\u2019Operacions auxiliars de muntatge d\u2019instal\u00b7lacions electrot\u00e8cniques i de telecomunicacions en edificis\">Llegeix m\u00e9s\u00bb<\/a><\/p>\n","protected":false},"author":55,"featured_media":11500,"comment_status":"open","ping_status":"closed","sticky":false,"template":"","format":"standard","meta":{"_bbp_topic_count":0,"_bbp_reply_count":0,"_bbp_total_topic_count":0,"_bbp_total_reply_count":0,"_bbp_voice_count":0,"_bbp_anonymous_reply_count":0,"_bbp_topic_count_hidden":0,"_bbp_reply_count_hidden":0,"_bbp_forum_subforum_count":0,"footnotes":""},"categories":[154,1,29],"tags":[307,298],"class_list":["post-11499","post","type-post","status-publish","format-standard","has-post-thumbnail","hentry","category-formacio","category-general","category-portada","tag-electricitat-i-electronica","tag-provincia-lleida"],"post_mailing_queue_ids":[],"_links":{"self":[{"href":"https:\/\/projectes.xtec.cat\/integrafp\/wp-json\/wp\/v2\/posts\/11499","targetHints":{"allow":["GET"]}}],"collection":[{"href":"https:\/\/projectes.xtec.cat\/integrafp\/wp-json\/wp\/v2\/posts"}],"about":[{"href":"https:\/\/projectes.xtec.cat\/integrafp\/wp-json\/wp\/v2\/types\/post"}],"author":[{"embeddable":true,"href":"https:\/\/projectes.xtec.cat\/integrafp\/wp-json\/wp\/v2\/users\/55"}],"replies":[{"embeddable":true,"href":"https:\/\/projectes.xtec.cat\/integrafp\/wp-json\/wp\/v2\/comments?post=11499"}],"version-history":[{"count":2,"href":"https:\/\/projectes.xtec.cat\/integrafp\/wp-json\/wp\/v2\/posts\/11499\/revisions"}],"predecessor-version":[{"id":11543,"href":"https:\/\/projectes.xtec.cat\/integrafp\/wp-json\/wp\/v2\/posts\/11499\/revisions\/11543"}],"wp:featuredmedia":[{"embeddable":true,"href":"https:\/\/projectes.xtec.cat\/integrafp\/wp-json\/wp\/v2\/media\/11500"}],"wp:attachment":[{"href":"https:\/\/projectes.xtec.cat\/integrafp\/wp-json\/wp\/v2\/media?parent=11499"}],"wp:term":[{"taxonomy":"category","embeddable":true,"href":"https:\/\/projectes.xtec.cat\/integrafp\/wp-json\/wp\/v2\/categories?post=11499"},{"taxonomy":"post_tag","embeddable":true,"href":"https:\/\/projectes.xtec.cat\/integrafp\/wp-json\/wp\/v2\/tags?post=11499"}],"curies":[{"name":"wp","href":"https:\/\/api.w.org\/{rel}","templated":true}]}}