{"id":11514,"date":"2024-03-07T12:49:56","date_gmt":"2024-03-07T11:49:56","guid":{"rendered":"https:\/\/projectes.xtec.cat\/integrafp\/?p=11514"},"modified":"2024-03-07T12:53:28","modified_gmt":"2024-03-07T11:53:28","slug":"ins-les-vinyes-gran-exit-dels-cps-a-les-vinyes","status":"publish","type":"post","link":"https:\/\/projectes.xtec.cat\/integrafp\/general\/ins-les-vinyes-gran-exit-dels-cps-a-les-vinyes\/","title":{"rendered":"INS Les Vinyes: Gran \u00e8xit dels CPs a Les Vinyes!"},"content":{"rendered":"<p>L&#8217;Institut Les Vinyes ha experimentat un \u00e8xit notable en la implementaci\u00f3 dels Certificats Professionals durant el curs acad\u00e8mic 2023\/2024. Amb un enfocament decidit a la formaci\u00f3 integral dels seus estudiants, l&#8217;institut ha aconseguit proporcionar una plataforma educativa de primera classe per als participants, dotant-los de les habilitats i coneixements necessaris per afrontar els reptes del m\u00f3n professional.<\/p>\n<p>Els Certificats Professionals oferts, en diverses \u00e0rees especialitzades com la electromec\u00e0nica, la carrosseria o la imatge personal, han rebut una gran acceptaci\u00f3 per part de l&#8217;alumnat, que han vist aquesta oportunitat com una via accelerada i efectiva per aconseguir les compet\u00e8ncies professionals demandades pel mercat laboral actual.<\/p>\n<p><img loading=\"lazy\" decoding=\"async\" class=\"alignnone size-large wp-image-11515\" src=\"https:\/\/projectes.xtec.cat\/integrafp\/wp-content\/uploads\/usu2419\/2024\/02\/1708963121365-1024x766.jpg\" alt=\"\" width=\"1024\" height=\"766\" srcset=\"https:\/\/projectes.xtec.cat\/integrafp\/wp-content\/uploads\/usu2419\/2024\/02\/1708963121365-1024x766.jpg 1024w, https:\/\/projectes.xtec.cat\/integrafp\/wp-content\/uploads\/usu2419\/2024\/02\/1708963121365-300x224.jpg 300w, https:\/\/projectes.xtec.cat\/integrafp\/wp-content\/uploads\/usu2419\/2024\/02\/1708963121365-768x575.jpg 768w, https:\/\/projectes.xtec.cat\/integrafp\/wp-content\/uploads\/usu2419\/2024\/02\/1708963121365-1536x1149.jpg 1536w, https:\/\/projectes.xtec.cat\/integrafp\/wp-content\/uploads\/usu2419\/2024\/02\/1708963121365-200x150.jpg 200w, https:\/\/projectes.xtec.cat\/integrafp\/wp-content\/uploads\/usu2419\/2024\/02\/1708963121365.jpg 2048w\" sizes=\"auto, (max-width: 1024px) 100vw, 1024px\" \/><\/p>\n<p>Durant aquest curs, l&#8217;Institut Les Vinyes ha col\u00b7laborat activament amb empreses i professionals dels diferents sectors per garantir que el contingut dels Certificats Professionals estigui alineat amb les \u00faltimes tend\u00e8ncies i requisits del m\u00f3n laboral. A m\u00e9s, s&#8217;han implementat pr\u00e0ctiques empresarials i xerrades amb experts per proporcionar als estudiants una visi\u00f3 pr\u00e0ctica i en temps real de les seves \u00e0rees d&#8217;estudi.<\/p>\n<p>Els estudiants que completin amb \u00e8xit els Certificats Professionals experimentaran un augment significatiu de les seves oportunitats laborals, amb molts d&#8217;ells rebent ofertes d&#8217;ocupaci\u00f3 immediatament despr\u00e9s de finalitzar els seus estudis. Aquest \u00e8xit refor\u00e7a la posici\u00f3 de l&#8217;Institut Les Vinyes com a referent en l&#8217;educaci\u00f3 t\u00e8cnica i professional de qualitat.<\/p>\n<p>Amb aquesta excel\u00b7lent resposta, l&#8217;Institut Les Vinyes continua millorant i ampliant la seva oferta de formacions professionals, adaptant-se als canvis del mercat i proporcionant als estudiants les eines i el coneixement necessaris per aconseguir el seu \u00e8xit professional.<\/p>\n","protected":false},"excerpt":{"rendered":"<p>L&#8217;Institut Les Vinyes ha experimentat un \u00e8xit notable en la implementaci\u00f3 dels Certificats Professionals durant el curs acad\u00e8mic 2023\/2024. Amb un enfocament decidit a la formaci\u00f3 integral dels seus estudiants, l&#8217;institut ha aconseguit proporcionar una plataforma educativa de primera classe per als participants, dotant-los de&hellip;  <a href=\"https:\/\/projectes.xtec.cat\/integrafp\/general\/ins-les-vinyes-gran-exit-dels-cps-a-les-vinyes\/\" title=\"Read INS Les Vinyes: Gran \u00e8xit dels CPs a Les Vinyes!\">Llegeix m\u00e9s\u00bb<\/a><\/p>\n","protected":false},"author":122,"featured_media":11515,"comment_status":"open","ping_status":"closed","sticky":false,"template":"","format":"standard","meta":{"_bbp_topic_count":0,"_bbp_reply_count":0,"_bbp_total_topic_count":0,"_bbp_total_reply_count":0,"_bbp_voice_count":0,"_bbp_anonymous_reply_count":0,"_bbp_topic_count_hidden":0,"_bbp_reply_count_hidden":0,"_bbp_forum_subforum_count":0,"footnotes":""},"categories":[154,1,29],"tags":[310,296,322],"class_list":["post-11514","post","type-post","status-publish","format-standard","has-post-thumbnail","hentry","category-formacio","category-general","category-portada","tag-imatge-personal","tag-barcelona","tag-transport-i-manteniment-de-vehicles"],"post_mailing_queue_ids":[],"_links":{"self":[{"href":"https:\/\/projectes.xtec.cat\/integrafp\/wp-json\/wp\/v2\/posts\/11514","targetHints":{"allow":["GET"]}}],"collection":[{"href":"https:\/\/projectes.xtec.cat\/integrafp\/wp-json\/wp\/v2\/posts"}],"about":[{"href":"https:\/\/projectes.xtec.cat\/integrafp\/wp-json\/wp\/v2\/types\/post"}],"author":[{"embeddable":true,"href":"https:\/\/projectes.xtec.cat\/integrafp\/wp-json\/wp\/v2\/users\/122"}],"replies":[{"embeddable":true,"href":"https:\/\/projectes.xtec.cat\/integrafp\/wp-json\/wp\/v2\/comments?post=11514"}],"version-history":[{"count":4,"href":"https:\/\/projectes.xtec.cat\/integrafp\/wp-json\/wp\/v2\/posts\/11514\/revisions"}],"predecessor-version":[{"id":11561,"href":"https:\/\/projectes.xtec.cat\/integrafp\/wp-json\/wp\/v2\/posts\/11514\/revisions\/11561"}],"wp:featuredmedia":[{"embeddable":true,"href":"https:\/\/projectes.xtec.cat\/integrafp\/wp-json\/wp\/v2\/media\/11515"}],"wp:attachment":[{"href":"https:\/\/projectes.xtec.cat\/integrafp\/wp-json\/wp\/v2\/media?parent=11514"}],"wp:term":[{"taxonomy":"category","embeddable":true,"href":"https:\/\/projectes.xtec.cat\/integrafp\/wp-json\/wp\/v2\/categories?post=11514"},{"taxonomy":"post_tag","embeddable":true,"href":"https:\/\/projectes.xtec.cat\/integrafp\/wp-json\/wp\/v2\/tags?post=11514"}],"curies":[{"name":"wp","href":"https:\/\/api.w.org\/{rel}","templated":true}]}}