{"id":11518,"date":"2024-02-28T13:05:19","date_gmt":"2024-02-28T12:05:19","guid":{"rendered":"https:\/\/projectes.xtec.cat\/integrafp\/?p=11518"},"modified":"2024-02-29T14:28:24","modified_gmt":"2024-02-29T13:28:24","slug":"ultima-sessio-de-la-formacio-introduccio-a-la-gestio-de-certificats-de-professionalitat-2a-edicio","status":"publish","type":"post","link":"https:\/\/projectes.xtec.cat\/integrafp\/general\/ultima-sessio-de-la-formacio-introduccio-a-la-gestio-de-certificats-de-professionalitat-2a-edicio\/","title":{"rendered":"\u00daltima sessi\u00f3 de la formaci\u00f3 &#8220;INTRODUCCI\u00d3 A LA GESTI\u00d3 DE CERTIFICATS DE PROFESSIONALITAT&#8221; 2a Edici\u00f3"},"content":{"rendered":"<p>Ahir dimarts dia 28 de febrer de 2024, es va fer la \u00faltima sessi\u00f3 de la 2a edici\u00f3 de la formaci\u00f3 &#8220;Introducci\u00f3 a la gesti\u00f3 de CPs&#8221;. La sessi\u00f3 es va centrar amb la justificaci\u00f3 de les accions, i es va dividir en tres parts:<\/p>\n<ul>\n<li><span style=\"font-family: inherit; font-size: 1em;\">L&#8217;inici de la sessi\u00f3 es va enfocar al procediment, els tr\u00e0mits i la documentaci\u00f3 necess\u00e0ria per a la justificaci\u00f3 de les accions: mem\u00f2ria t\u00e8cnica, mem\u00f2ria econ\u00f2mica i fitxa resum. Tamb\u00e9 la documentaci\u00f3 a custodiar i les enquestes de tancament.<\/span><\/li>\n<\/ul>\n<ul>\n<li><span style=\"font-family: inherit; font-size: 1em;\">La segona part de la sessi\u00f3 va consistir en explicar la liquidaci\u00f3 dels certificats de professionalitat: els documents de Pre-C\u00e0lcul de GIA, la confirmaci\u00f3 del personal col\u00b7laborador i el certificat de les accions desenvolupades.<\/span><\/li>\n<\/ul>\n<ul>\n<li><span style=\"font-family: inherit; font-size: 1em;\">Per acabar la sessi\u00f3, es va donar veu tots\/es assistents\/es per tal de resoldre els dubtes que van poder anar sorgint durant l&#8217;execuci\u00f3 d&#8217;aquest.<\/span><\/li>\n<\/ul>\n<p><img loading=\"lazy\" decoding=\"async\" class=\"alignnone size-large wp-image-11523\" src=\"https:\/\/projectes.xtec.cat\/integrafp\/wp-content\/uploads\/usu2419\/2024\/02\/imatge-1024x563.png\" alt=\"\" width=\"1024\" height=\"563\" srcset=\"https:\/\/projectes.xtec.cat\/integrafp\/wp-content\/uploads\/usu2419\/2024\/02\/imatge-1024x563.png 1024w, https:\/\/projectes.xtec.cat\/integrafp\/wp-content\/uploads\/usu2419\/2024\/02\/imatge-300x165.png 300w, https:\/\/projectes.xtec.cat\/integrafp\/wp-content\/uploads\/usu2419\/2024\/02\/imatge-768x422.png 768w, https:\/\/projectes.xtec.cat\/integrafp\/wp-content\/uploads\/usu2419\/2024\/02\/imatge-1536x844.png 1536w, https:\/\/projectes.xtec.cat\/integrafp\/wp-content\/uploads\/usu2419\/2024\/02\/imatge.png 1865w\" sizes=\"auto, (max-width: 1024px) 100vw, 1024px\" \/><\/p>\n<p>Si us interessa aquesta formaci\u00f3, no dubteu en apuntar-vos a la propera edici\u00f3!<\/p>\n<p>Equip IntegraFP<\/p>\n","protected":false},"excerpt":{"rendered":"<p>Ahir dimarts dia 28 de febrer de 2024, es va fer la \u00faltima sessi\u00f3 de la 2a edici\u00f3 de la formaci\u00f3 &#8220;Introducci\u00f3 a la gesti\u00f3 de CPs&#8221;. La sessi\u00f3 es va centrar amb la justificaci\u00f3 de les accions, i es va dividir en tres parts:<\/p>\n<ul>\n<li>L&#8217;inici&hellip;  <a href=\"https:\/\/projectes.xtec.cat\/integrafp\/general\/ultima-sessio-de-la-formacio-introduccio-a-la-gestio-de-certificats-de-professionalitat-2a-edicio\/\" title=\"Read \u00daltima sessi\u00f3 de la formaci\u00f3 &#8220;INTRODUCCI\u00d3 A LA GESTI\u00d3 DE CERTIFICATS DE PROFESSIONALITAT&#8221; 2a Edici\u00f3\">Llegeix m\u00e9s\u00bb<\/a><br \/>\n","protected":false},"author":44,"featured_media":11523,"comment_status":"open","ping_status":"closed","sticky":false,"template":"","format":"standard","meta":{"_bbp_topic_count":0,"_bbp_reply_count":0,"_bbp_total_topic_count":0,"_bbp_total_reply_count":0,"_bbp_voice_count":0,"_bbp_anonymous_reply_count":0,"_bbp_topic_count_hidden":0,"_bbp_reply_count_hidden":0,"_bbp_forum_subforum_count":0,"footnotes":""},"categories":[64,154,1,29],"tags":[],"class_list":["post-11518","post","type-post","status-publish","format-standard","has-post-thumbnail","hentry","category-comunitat","category-formacio","category-general","category-portada"],"post_mailing_queue_ids":[],"_links":{"self":[{"href":"https:\/\/projectes.xtec.cat\/integrafp\/wp-json\/wp\/v2\/posts\/11518","targetHints":{"allow":["GET"]}}],"collection":[{"href":"https:\/\/projectes.xtec.cat\/integrafp\/wp-json\/wp\/v2\/posts"}],"about":[{"href":"https:\/\/projectes.xtec.cat\/integrafp\/wp-json\/wp\/v2\/types\/post"}],"author":[{"embeddable":true,"href":"https:\/\/projectes.xtec.cat\/integrafp\/wp-json\/wp\/v2\/users\/44"}],"replies":[{"embeddable":true,"href":"https:\/\/projectes.xtec.cat\/integrafp\/wp-json\/wp\/v2\/comments?post=11518"}],"version-history":[{"count":5,"href":"https:\/\/projectes.xtec.cat\/integrafp\/wp-json\/wp\/v2\/posts\/11518\/revisions"}],"predecessor-version":[{"id":11527,"href":"https:\/\/projectes.xtec.cat\/integrafp\/wp-json\/wp\/v2\/posts\/11518\/revisions\/11527"}],"wp:featuredmedia":[{"embeddable":true,"href":"https:\/\/projectes.xtec.cat\/integrafp\/wp-json\/wp\/v2\/media\/11523"}],"wp:attachment":[{"href":"https:\/\/projectes.xtec.cat\/integrafp\/wp-json\/wp\/v2\/media?parent=11518"}],"wp:term":[{"taxonomy":"category","embeddable":true,"href":"https:\/\/projectes.xtec.cat\/integrafp\/wp-json\/wp\/v2\/categories?post=11518"},{"taxonomy":"post_tag","embeddable":true,"href":"https:\/\/projectes.xtec.cat\/integrafp\/wp-json\/wp\/v2\/tags?post=11518"}],"curies":[{"name":"wp","href":"https:\/\/api.w.org\/{rel}","templated":true}]}}