{"id":11547,"date":"2024-03-04T10:25:27","date_gmt":"2024-03-04T09:25:27","guid":{"rendered":"https:\/\/projectes.xtec.cat\/integrafp\/?p=11547"},"modified":"2024-03-04T10:25:27","modified_gmt":"2024-03-04T09:25:27","slug":"salo-de-lensenyament-certificats-professionals","status":"publish","type":"post","link":"https:\/\/projectes.xtec.cat\/integrafp\/general\/salo-de-lensenyament-certificats-professionals\/","title":{"rendered":"Sal\u00f3 de l\u2019Ensenyament: CERTIFICATS PROFESSIONALS"},"content":{"rendered":"<p><strong class=\"ql-hashtag\" data-test-ql-hashtag=\"true\"><img loading=\"lazy\" decoding=\"async\" class=\"alignnone size-large wp-image-11548\" src=\"https:\/\/projectes.xtec.cat\/integrafp\/wp-content\/uploads\/usu2419\/2024\/03\/Portada-Salo_page-0001-1024x724.jpg\" alt=\"\" width=\"1024\" height=\"724\" srcset=\"https:\/\/projectes.xtec.cat\/integrafp\/wp-content\/uploads\/usu2419\/2024\/03\/Portada-Salo_page-0001-1024x724.jpg 1024w, https:\/\/projectes.xtec.cat\/integrafp\/wp-content\/uploads\/usu2419\/2024\/03\/Portada-Salo_page-0001-300x212.jpg 300w, https:\/\/projectes.xtec.cat\/integrafp\/wp-content\/uploads\/usu2419\/2024\/03\/Portada-Salo_page-0001-768x543.jpg 768w, https:\/\/projectes.xtec.cat\/integrafp\/wp-content\/uploads\/usu2419\/2024\/03\/Portada-Salo_page-0001-1536x1086.jpg 1536w, https:\/\/projectes.xtec.cat\/integrafp\/wp-content\/uploads\/usu2419\/2024\/03\/Portada-Salo_page-0001.jpg 1754w\" sizes=\"auto, (max-width: 1024px) 100vw, 1024px\" \/><\/strong><\/p>\n<p>El Sal\u00f3 de l&#8217;Ensenyament \u00e9s l&#8217;esdeveniment m\u00e9s important que celebra el Departament d&#8217;Educaci\u00f3 del 13 al 17 de mar\u00e7 a l\u2019espai firal de Montju\u00efc. Durant 5 dies s&#8217;ofereix una informaci\u00f3 de qualitat a l&#8217;alumnat que acaba l&#8217;ESO, i la resta de p\u00fablic assistent, sobre l&#8217;oferta de m\u00e9s de 300 estudis post-obligatoris.<\/p>\n<p>Aquest any, per primer cop, els Certificats Professionals tindran un espai als\u00a0Estands del Departament d\u2019Educaci\u00f3 (Palau 2), amb l\u2019objectiu d\u2019apropar els CPs a la comunitat educativa (centres i alumnat).<\/p>\n<p>Horari:<\/p>\n<p>&#8211; De dimecres a divendres, de 9h a 17h.<\/p>\n<p>&#8211; Dissabte, de 9h a 20h.<\/p>\n<p>&#8211; Diumenge, de 9-14:30h.<\/p>\n<p>Us esperem per resoldre tots els vostres dubtes.<\/p>\n","protected":false},"excerpt":{"rendered":"<p>El Sal\u00f3 de l&#8217;Ensenyament \u00e9s l&#8217;esdeveniment m\u00e9s important que celebra el Departament d&#8217;Educaci\u00f3 del 13 al 17 de mar\u00e7 a l\u2019espai firal de Montju\u00efc. Durant 5 dies s&#8217;ofereix una informaci\u00f3 de qualitat a l&#8217;alumnat que acaba l&#8217;ESO, i la resta de p\u00fablic assistent, sobre l&#8217;oferta&hellip;  <a href=\"https:\/\/projectes.xtec.cat\/integrafp\/general\/salo-de-lensenyament-certificats-professionals\/\" title=\"Read Sal\u00f3 de l\u2019Ensenyament: CERTIFICATS PROFESSIONALS\">Llegeix m\u00e9s\u00bb<\/a><\/p>\n","protected":false},"author":44,"featured_media":11548,"comment_status":"open","ping_status":"closed","sticky":false,"template":"","format":"standard","meta":{"_bbp_topic_count":0,"_bbp_reply_count":0,"_bbp_total_topic_count":0,"_bbp_total_reply_count":0,"_bbp_voice_count":0,"_bbp_anonymous_reply_count":0,"_bbp_topic_count_hidden":0,"_bbp_reply_count_hidden":0,"_bbp_forum_subforum_count":0,"footnotes":""},"categories":[64,66,154,1,29],"tags":[353],"class_list":["post-11547","post","type-post","status-publish","format-standard","has-post-thumbnail","hentry","category-comunitat","category-dinamitzacio","category-formacio","category-general","category-portada","tag-certificatsprofessionals-centrespublics-departamenteducacio-generalitatdecatalunya"],"post_mailing_queue_ids":[],"_links":{"self":[{"href":"https:\/\/projectes.xtec.cat\/integrafp\/wp-json\/wp\/v2\/posts\/11547","targetHints":{"allow":["GET"]}}],"collection":[{"href":"https:\/\/projectes.xtec.cat\/integrafp\/wp-json\/wp\/v2\/posts"}],"about":[{"href":"https:\/\/projectes.xtec.cat\/integrafp\/wp-json\/wp\/v2\/types\/post"}],"author":[{"embeddable":true,"href":"https:\/\/projectes.xtec.cat\/integrafp\/wp-json\/wp\/v2\/users\/44"}],"replies":[{"embeddable":true,"href":"https:\/\/projectes.xtec.cat\/integrafp\/wp-json\/wp\/v2\/comments?post=11547"}],"version-history":[{"count":1,"href":"https:\/\/projectes.xtec.cat\/integrafp\/wp-json\/wp\/v2\/posts\/11547\/revisions"}],"predecessor-version":[{"id":11549,"href":"https:\/\/projectes.xtec.cat\/integrafp\/wp-json\/wp\/v2\/posts\/11547\/revisions\/11549"}],"wp:featuredmedia":[{"embeddable":true,"href":"https:\/\/projectes.xtec.cat\/integrafp\/wp-json\/wp\/v2\/media\/11548"}],"wp:attachment":[{"href":"https:\/\/projectes.xtec.cat\/integrafp\/wp-json\/wp\/v2\/media?parent=11547"}],"wp:term":[{"taxonomy":"category","embeddable":true,"href":"https:\/\/projectes.xtec.cat\/integrafp\/wp-json\/wp\/v2\/categories?post=11547"},{"taxonomy":"post_tag","embeddable":true,"href":"https:\/\/projectes.xtec.cat\/integrafp\/wp-json\/wp\/v2\/tags?post=11547"}],"curies":[{"name":"wp","href":"https:\/\/api.w.org\/{rel}","templated":true}]}}