{"id":11551,"date":"2024-03-06T14:16:50","date_gmt":"2024-03-06T13:16:50","guid":{"rendered":"https:\/\/projectes.xtec.cat\/integrafp\/?p=11551"},"modified":"2024-03-06T14:17:52","modified_gmt":"2024-03-06T13:17:52","slug":"sollicitud-nous-cps-al-conveni-4","status":"publish","type":"post","link":"https:\/\/projectes.xtec.cat\/integrafp\/general\/sollicitud-nous-cps-al-conveni-4\/","title":{"rendered":"Sol\u00b7licitud nous CPs al Conveni 4"},"content":{"rendered":"<p>Avui hem finalitzat les sessions informatives als Instituts de FP del Departament d&#8217;Educaci\u00f3 en relaci\u00f3 al Conveni 4 del projecte IntegraFP. Aquest projecte t\u00e9 com a finalitat la impartici\u00f3 de certificats professionals (CP) als centres del Departament d\u2019Educaci\u00f3. Les accions formatives es poden desenvolupar des d\u2019ara fins al 30 de juny del 2025 (subjecte a concessi\u00f3 de pr\u00f2rroga).<\/p>\n<p>Per poder sol\u00b7licitar CPs dins d\u2019aquesta planificaci\u00f3, ho podeu fer a trav\u00e9s del seg\u00fcent <a href=\"https:\/\/docs.google.com\/forms\/d\/e\/1FAIpQLSdMHyE6hJa0z9cefxX6YkIO29PchIcaHQz1Nyi1veGx9Xf5bg\/viewform\">enlla\u00e7<\/a>:<\/p>\n<p><img loading=\"lazy\" decoding=\"async\" class=\"alignnone size-full wp-image-11552\" src=\"https:\/\/projectes.xtec.cat\/integrafp\/wp-content\/uploads\/usu2419\/2024\/03\/sol-CPs-conv4.jpg\" alt=\"\" width=\"613\" height=\"426\" srcset=\"https:\/\/projectes.xtec.cat\/integrafp\/wp-content\/uploads\/usu2419\/2024\/03\/sol-CPs-conv4.jpg 613w, https:\/\/projectes.xtec.cat\/integrafp\/wp-content\/uploads\/usu2419\/2024\/03\/sol-CPs-conv4-300x208.jpg 300w\" sizes=\"auto, (max-width: 613px) 100vw, 613px\" \/><\/p>\n","protected":false},"excerpt":{"rendered":"<p>Avui hem finalitzat les sessions informatives als Instituts de FP del Departament d&#8217;Educaci\u00f3 en relaci\u00f3 al Conveni 4 del projecte IntegraFP. Aquest projecte t\u00e9 com a finalitat la impartici\u00f3 de certificats professionals (CP) als centres del Departament d\u2019Educaci\u00f3. Les accions formatives es poden desenvolupar des&hellip;  <a href=\"https:\/\/projectes.xtec.cat\/integrafp\/general\/sollicitud-nous-cps-al-conveni-4\/\" title=\"Read Sol\u00b7licitud nous CPs al Conveni 4\">Llegeix m\u00e9s\u00bb<\/a><\/p>\n","protected":false},"author":44,"featured_media":11552,"comment_status":"open","ping_status":"closed","sticky":false,"template":"","format":"standard","meta":{"_bbp_topic_count":0,"_bbp_reply_count":0,"_bbp_total_topic_count":0,"_bbp_total_reply_count":0,"_bbp_voice_count":0,"_bbp_anonymous_reply_count":0,"_bbp_topic_count_hidden":0,"_bbp_reply_count_hidden":0,"_bbp_forum_subforum_count":0,"footnotes":""},"categories":[64,154,1,29],"tags":[353],"class_list":["post-11551","post","type-post","status-publish","format-standard","has-post-thumbnail","hentry","category-comunitat","category-formacio","category-general","category-portada","tag-certificatsprofessionals-centrespublics-departamenteducacio-generalitatdecatalunya"],"post_mailing_queue_ids":[],"_links":{"self":[{"href":"https:\/\/projectes.xtec.cat\/integrafp\/wp-json\/wp\/v2\/posts\/11551","targetHints":{"allow":["GET"]}}],"collection":[{"href":"https:\/\/projectes.xtec.cat\/integrafp\/wp-json\/wp\/v2\/posts"}],"about":[{"href":"https:\/\/projectes.xtec.cat\/integrafp\/wp-json\/wp\/v2\/types\/post"}],"author":[{"embeddable":true,"href":"https:\/\/projectes.xtec.cat\/integrafp\/wp-json\/wp\/v2\/users\/44"}],"replies":[{"embeddable":true,"href":"https:\/\/projectes.xtec.cat\/integrafp\/wp-json\/wp\/v2\/comments?post=11551"}],"version-history":[{"count":2,"href":"https:\/\/projectes.xtec.cat\/integrafp\/wp-json\/wp\/v2\/posts\/11551\/revisions"}],"predecessor-version":[{"id":11554,"href":"https:\/\/projectes.xtec.cat\/integrafp\/wp-json\/wp\/v2\/posts\/11551\/revisions\/11554"}],"wp:featuredmedia":[{"embeddable":true,"href":"https:\/\/projectes.xtec.cat\/integrafp\/wp-json\/wp\/v2\/media\/11552"}],"wp:attachment":[{"href":"https:\/\/projectes.xtec.cat\/integrafp\/wp-json\/wp\/v2\/media?parent=11551"}],"wp:term":[{"taxonomy":"category","embeddable":true,"href":"https:\/\/projectes.xtec.cat\/integrafp\/wp-json\/wp\/v2\/categories?post=11551"},{"taxonomy":"post_tag","embeddable":true,"href":"https:\/\/projectes.xtec.cat\/integrafp\/wp-json\/wp\/v2\/tags?post=11551"}],"curies":[{"name":"wp","href":"https:\/\/api.w.org\/{rel}","templated":true}]}}