{"id":11573,"date":"2024-03-22T13:21:11","date_gmt":"2024-03-22T12:21:11","guid":{"rendered":"https:\/\/projectes.xtec.cat\/integrafp\/?p=11573"},"modified":"2024-03-22T13:26:16","modified_gmt":"2024-03-22T12:26:16","slug":"ins-marina-certificat-professional-delectromedicina","status":"publish","type":"post","link":"https:\/\/projectes.xtec.cat\/integrafp\/general\/ins-marina-certificat-professional-delectromedicina\/","title":{"rendered":"INS Marina: Certificat Professional d&#8217;Electromedicina"},"content":{"rendered":"<p>A l\u2019Institut Marina s\u2019imparteix un curs per a l\u2019obtenci\u00f3 del Certificat Professional ELEQ0208: Gesti\u00f3 i Supervisi\u00f3 de la instal\u00b7laci\u00f3 i manteniment de Sistemes d\u2019Electromedicina.<\/p>\n<p>\u00c9s un certificat de nivell 3 amb la <strong>Compet\u00e8ncia general\u00a0<\/strong>de planificar, gestionar y supervisar la instal\u00b7laci\u00f3 y el manteniment de equips y sistemes d\u2019electromedicina i les seves instal\u00b7lacions associades, amb criteris de qualitat, en condicions de seguretat i complint la normativa vigent.<\/p>\n<p>Encara que el curs acaba a final de maig, un dels 15 alumnes d\u2019aquest curs ja ha estat contractat a trav\u00e9s de la nostra borsa de treball per treballar com a t\u00e8cnic d\u2019electromedicina en un hospital de Barcelona.<\/p>\n<p><a href=\"https:\/\/projectes.xtec.cat\/integrafp\/wp-content\/uploads\/usu2419\/2024\/03\/CP1.jpg\"><img loading=\"lazy\" decoding=\"async\" class=\"wp-image-11574 alignright\" src=\"https:\/\/projectes.xtec.cat\/integrafp\/wp-content\/uploads\/usu2419\/2024\/03\/CP1.jpg\" alt=\"\" width=\"351\" height=\"263\" srcset=\"https:\/\/projectes.xtec.cat\/integrafp\/wp-content\/uploads\/usu2419\/2024\/03\/CP1.jpg 1000w, https:\/\/projectes.xtec.cat\/integrafp\/wp-content\/uploads\/usu2419\/2024\/03\/CP1-300x225.jpg 300w, https:\/\/projectes.xtec.cat\/integrafp\/wp-content\/uploads\/usu2419\/2024\/03\/CP1-768x576.jpg 768w, https:\/\/projectes.xtec.cat\/integrafp\/wp-content\/uploads\/usu2419\/2024\/03\/CP1-200x150.jpg 200w\" sizes=\"auto, (max-width: 351px) 100vw, 351px\" \/><\/a> <a href=\"https:\/\/projectes.xtec.cat\/integrafp\/wp-content\/uploads\/usu2419\/2024\/03\/CP2.jpg\"><img loading=\"lazy\" decoding=\"async\" class=\"wp-image-11575 alignleft\" src=\"https:\/\/projectes.xtec.cat\/integrafp\/wp-content\/uploads\/usu2419\/2024\/03\/CP2-1024x768.jpg\" alt=\"\" width=\"354\" height=\"266\" srcset=\"https:\/\/projectes.xtec.cat\/integrafp\/wp-content\/uploads\/usu2419\/2024\/03\/CP2-1024x768.jpg 1024w, https:\/\/projectes.xtec.cat\/integrafp\/wp-content\/uploads\/usu2419\/2024\/03\/CP2-300x225.jpg 300w, https:\/\/projectes.xtec.cat\/integrafp\/wp-content\/uploads\/usu2419\/2024\/03\/CP2-768x576.jpg 768w, https:\/\/projectes.xtec.cat\/integrafp\/wp-content\/uploads\/usu2419\/2024\/03\/CP2-1536x1152.jpg 1536w, https:\/\/projectes.xtec.cat\/integrafp\/wp-content\/uploads\/usu2419\/2024\/03\/CP2-200x150.jpg 200w, https:\/\/projectes.xtec.cat\/integrafp\/wp-content\/uploads\/usu2419\/2024\/03\/CP2.jpg 2000w\" sizes=\"auto, (max-width: 354px) 100vw, 354px\" \/><\/a><\/p>\n<p>&nbsp;<\/p>\n<p>&nbsp;<\/p>\n<p>&nbsp;<\/p>\n<p>&nbsp;<\/p>\n<p>&nbsp;<\/p>\n<p>&nbsp;<\/p>\n<p><strong>SORTIDES PROFESSIONALS:<\/strong><\/p>\n<p>\u2013 T\u00e8cnic en equips d\u2019electromedicina<\/p>\n<p>\u2013 Especialista en aplicacions d\u2019electromedicina<\/p>\n<p>\u2013 Assessor t\u00e8cnic de sistemes d\u2019electromedicina<\/p>\n<p>\u2013 Cap d\u2019equip d\u2019instal\u00b7ladors de sistemes d\u2019electromedicina<\/p>\n<p>\u2013 Coordinador\/Supervisor de manteniment de sistemes d\u2019electromedicina<\/p>\n<p><strong>M\u00d2DULS PROFESSIONALS:<\/strong><\/p>\n<table>\n<tbody>\n<tr>\n<td>M\u00d2DULS<\/td>\n<td>UNITATS FORMATIVES<\/td>\n<\/tr>\n<tr>\n<td rowspan=\"3\">Planificaci\u00f3 i gesti\u00f3 de la instal\u00b7laci\u00f3 de sistemes d\u2019electromedicina i les seves instal\u00b7lacions associades<\/td>\n<td>Equips d\u2019electromedicina per al el diagn\u00f2stic i la ter\u00e0pia<\/td>\n<\/tr>\n<tr>\n<td>Planificaci\u00f3 de la instal\u00b7laci\u00f3 de sistemes d\u2019electromedicina<\/td>\n<\/tr>\n<tr>\n<td>Gesti\u00f3 de la instal\u00b7laci\u00f3 de sistemes d\u2018electromedicina<\/td>\n<\/tr>\n<tr>\n<td rowspan=\"2\">Supervisi\u00f3 i realitzaci\u00f3 de la instal\u00b7laci\u00f3 de sistemes d\u2019electromedicina i les seves instal\u00b7lacions associades<\/td>\n<td>Seguiment i execuci\u00f3 de la instal\u00b7laci\u00f3 de sistemes d\u2018electromedicina<\/td>\n<\/tr>\n<tr>\n<td>Proves funcionals i engegada dels sistemes d\u2019electromedicina<\/td>\n<\/tr>\n<tr>\n<td rowspan=\"3\">Planificaci\u00f3 i gesti\u00f3 del manteniment de sistemes d\u2019electromedicina i les seves instal\u00b7lacions associades<\/td>\n<td>Planificaci\u00f3 del manteniment de sistemes d\u2019electromedicina<\/td>\n<\/tr>\n<tr>\n<td>Gesti\u00f3 del manteniment de sistemes d\u2019electromedicina<\/td>\n<\/tr>\n<tr>\n<td>Prevenci\u00f3 de riscos i gesti\u00f3 mediambiental en instal\u00b7lacions d\u2019electromedicina<\/td>\n<\/tr>\n<tr>\n<td rowspan=\"2\">Supervisi\u00f3 i realitzaci\u00f3 del manteniment de sistemes d\u2019electromedicina i les seves instal\u00b7lacions associades<\/td>\n<td>Diagnosi de avaries de sistemes d\u2019electromedicina<\/td>\n<\/tr>\n<tr>\n<td>Seguiment i execuci\u00f3 del manteniment de sistemes d\u2019electromedicina<\/td>\n<\/tr>\n<tr>\n<td>M\u00f2dul de formaci\u00f3 complementaria<\/td>\n<td>Inserci\u00f3 laboral, sensibilitzaci\u00f3 mediambiental y en igualtat de g\u00e8nere<\/td>\n<\/tr>\n<tr>\n<td>M\u00f2dul de pr\u00e0ctiques professionals en hospital<\/td>\n<td><\/td>\n<\/tr>\n<\/tbody>\n<\/table>\n<p>&nbsp;<\/p>\n","protected":false},"excerpt":{"rendered":"<p>A l\u2019Institut Marina s\u2019imparteix un curs per a l\u2019obtenci\u00f3 del Certificat Professional ELEQ0208: Gesti\u00f3 i Supervisi\u00f3 de la instal\u00b7laci\u00f3 i manteniment de Sistemes d\u2019Electromedicina.<br \/>\n\u00c9s un certificat de nivell 3 amb la Compet\u00e8ncia general\u00a0de planificar, gestionar y supervisar la instal\u00b7laci\u00f3 y el manteniment de equips y&hellip;  <a href=\"https:\/\/projectes.xtec.cat\/integrafp\/general\/ins-marina-certificat-professional-delectromedicina\/\" title=\"Read INS Marina: Certificat Professional d&#8217;Electromedicina\">Llegeix m\u00e9s\u00bb<\/a><\/p>\n","protected":false},"author":103,"featured_media":11574,"comment_status":"open","ping_status":"closed","sticky":false,"template":"","format":"standard","meta":{"_bbp_topic_count":0,"_bbp_reply_count":0,"_bbp_total_topic_count":0,"_bbp_total_reply_count":0,"_bbp_voice_count":0,"_bbp_anonymous_reply_count":0,"_bbp_topic_count_hidden":0,"_bbp_reply_count_hidden":0,"_bbp_forum_subforum_count":0,"footnotes":""},"categories":[154,1,29],"tags":[307,296],"class_list":["post-11573","post","type-post","status-publish","format-standard","has-post-thumbnail","hentry","category-formacio","category-general","category-portada","tag-electricitat-i-electronica","tag-barcelona"],"post_mailing_queue_ids":[],"_links":{"self":[{"href":"https:\/\/projectes.xtec.cat\/integrafp\/wp-json\/wp\/v2\/posts\/11573","targetHints":{"allow":["GET"]}}],"collection":[{"href":"https:\/\/projectes.xtec.cat\/integrafp\/wp-json\/wp\/v2\/posts"}],"about":[{"href":"https:\/\/projectes.xtec.cat\/integrafp\/wp-json\/wp\/v2\/types\/post"}],"author":[{"embeddable":true,"href":"https:\/\/projectes.xtec.cat\/integrafp\/wp-json\/wp\/v2\/users\/103"}],"replies":[{"embeddable":true,"href":"https:\/\/projectes.xtec.cat\/integrafp\/wp-json\/wp\/v2\/comments?post=11573"}],"version-history":[{"count":2,"href":"https:\/\/projectes.xtec.cat\/integrafp\/wp-json\/wp\/v2\/posts\/11573\/revisions"}],"predecessor-version":[{"id":11591,"href":"https:\/\/projectes.xtec.cat\/integrafp\/wp-json\/wp\/v2\/posts\/11573\/revisions\/11591"}],"wp:featuredmedia":[{"embeddable":true,"href":"https:\/\/projectes.xtec.cat\/integrafp\/wp-json\/wp\/v2\/media\/11574"}],"wp:attachment":[{"href":"https:\/\/projectes.xtec.cat\/integrafp\/wp-json\/wp\/v2\/media?parent=11573"}],"wp:term":[{"taxonomy":"category","embeddable":true,"href":"https:\/\/projectes.xtec.cat\/integrafp\/wp-json\/wp\/v2\/categories?post=11573"},{"taxonomy":"post_tag","embeddable":true,"href":"https:\/\/projectes.xtec.cat\/integrafp\/wp-json\/wp\/v2\/tags?post=11573"}],"curies":[{"name":"wp","href":"https:\/\/api.w.org\/{rel}","templated":true}]}}