{"id":11585,"date":"2024-04-04T13:57:05","date_gmt":"2024-04-04T11:57:05","guid":{"rendered":"https:\/\/projectes.xtec.cat\/integrafp\/?p=11585"},"modified":"2024-04-04T13:57:05","modified_gmt":"2024-04-04T11:57:05","slug":"ins-cendrassos-empreses-i-certificats-professionals","status":"publish","type":"post","link":"https:\/\/projectes.xtec.cat\/integrafp\/portada\/ins-cendrassos-empreses-i-certificats-professionals\/","title":{"rendered":"INS Cendrassos: Empreses i Certificats Professionals"},"content":{"rendered":"<p>A l&#8217;Institut Cendrassos (Figueres) seguim endavant amb el Certificat Professional d&#8217;Activitats administratives en relaci\u00f3 amb el client i el Certificat Professional de Muntatge i reparaci\u00f3 de sistemes microinform\u00e0tics.<\/p>\n<p>Dins els Certificats Professionals creiem que el contacte amb les empreses \u00e9s necessari, i \u00e9s per aix\u00f2 que hem convidat:<\/p>\n<ul>\n<li>A l&#8217;alumnat del certificat d&#8217;Activitats administratives en relaci\u00f3 amb el client, a assistir-hi a la xerrada del President i director General del grup Bon Preu, Joan Font. Aquesta activitat s\u2019inclou dins el programa Escola i Empresa.<br \/>\nA la xerrada, el director del grup Bon Preu ens ha explicat la import\u00e0ncia de l\u2019empresa dins de la nostra societat.<\/li>\n<\/ul>\n<p><a href=\"https:\/\/projectes.xtec.cat\/integrafp\/wp-content\/uploads\/usu2419\/2024\/03\/xerrada.png\"><img loading=\"lazy\" decoding=\"async\" class=\" wp-image-11586 alignleft\" src=\"https:\/\/projectes.xtec.cat\/integrafp\/wp-content\/uploads\/usu2419\/2024\/03\/xerrada.png\" alt=\"\" width=\"521\" height=\"631\" srcset=\"https:\/\/projectes.xtec.cat\/integrafp\/wp-content\/uploads\/usu2419\/2024\/03\/xerrada.png 602w, https:\/\/projectes.xtec.cat\/integrafp\/wp-content\/uploads\/usu2419\/2024\/03\/xerrada-248x300.png 248w\" sizes=\"auto, (max-width: 521px) 100vw, 521px\" \/><\/a><\/p>\n<p>&nbsp;<\/p>\n<p>&nbsp;<\/p>\n<p>&nbsp;<\/p>\n<p>&nbsp;<\/p>\n<p>&nbsp;<\/p>\n<p>&nbsp;<\/p>\n<p>&nbsp;<\/p>\n<p>&nbsp;<\/p>\n<p>&nbsp;<\/p>\n<p>&nbsp;<\/p>\n<p>&nbsp;<\/p>\n<p>&nbsp;<\/p>\n<p>&nbsp;<\/p>\n<p>&nbsp;<\/p>\n<ul>\n<li>A l&#8217;alumnat del certificat de Muntatge i reparaci\u00f3 de sistemes microinform\u00e0tics, a assistir-hi al darrer Webmentors.<br \/>\nWebMentors \u00e9s la trobada d\u2019empreses, docents, alumnat i professionals interessats en el desenvolupament Web.<br \/>\nEn aquesta edici\u00f3 vam comptar amb les pon\u00e8ncies de Carlos P\u00e9rez (LogiRail), Oriol Bech (Hipsotech), Alex Ram\u00f3n (Sw Hosting) i Marc Garc\u00eda (Kodio).<\/li>\n<\/ul>\n<p><a href=\"https:\/\/projectes.xtec.cat\/integrafp\/wp-content\/uploads\/usu2419\/2024\/03\/webmentors.png\"><img loading=\"lazy\" decoding=\"async\" class=\"alignnone wp-image-11587\" src=\"https:\/\/projectes.xtec.cat\/integrafp\/wp-content\/uploads\/usu2419\/2024\/03\/webmentors.png\" alt=\"\" width=\"521\" height=\"405\" srcset=\"https:\/\/projectes.xtec.cat\/integrafp\/wp-content\/uploads\/usu2419\/2024\/03\/webmentors.png 823w, https:\/\/projectes.xtec.cat\/integrafp\/wp-content\/uploads\/usu2419\/2024\/03\/webmentors-300x233.png 300w, https:\/\/projectes.xtec.cat\/integrafp\/wp-content\/uploads\/usu2419\/2024\/03\/webmentors-768x597.png 768w\" sizes=\"auto, (max-width: 521px) 100vw, 521px\" \/><\/a><\/p>\n","protected":false},"excerpt":{"rendered":"<p>A l&#8217;Institut Cendrassos (Figueres) seguim endavant amb el Certificat Professional d&#8217;Activitats administratives en relaci\u00f3 amb el client i el Certificat Professional de Muntatge i reparaci\u00f3 de sistemes microinform\u00e0tics.<br \/>\nDins els Certificats Professionals creiem que el contacte amb les empreses \u00e9s necessari, i \u00e9s per aix\u00f2 que&hellip;  <a href=\"https:\/\/projectes.xtec.cat\/integrafp\/portada\/ins-cendrassos-empreses-i-certificats-professionals\/\" title=\"Read INS Cendrassos: Empreses i Certificats Professionals\">Llegeix m\u00e9s\u00bb<\/a><\/p>\n","protected":false},"author":134,"featured_media":11586,"comment_status":"open","ping_status":"closed","sticky":false,"template":"","format":"standard","meta":{"_bbp_topic_count":0,"_bbp_reply_count":0,"_bbp_total_topic_count":0,"_bbp_total_reply_count":0,"_bbp_voice_count":0,"_bbp_anonymous_reply_count":0,"_bbp_topic_count_hidden":0,"_bbp_reply_count_hidden":0,"_bbp_forum_subforum_count":0,"footnotes":""},"categories":[64,154,29],"tags":[301,313,297],"class_list":["post-11585","post","type-post","status-publish","format-standard","has-post-thumbnail","hentry","category-comunitat","category-formacio","category-portada","tag-administracio-i-gestio","tag-informatica-i-comunicacions","tag-girona"],"post_mailing_queue_ids":[],"_links":{"self":[{"href":"https:\/\/projectes.xtec.cat\/integrafp\/wp-json\/wp\/v2\/posts\/11585","targetHints":{"allow":["GET"]}}],"collection":[{"href":"https:\/\/projectes.xtec.cat\/integrafp\/wp-json\/wp\/v2\/posts"}],"about":[{"href":"https:\/\/projectes.xtec.cat\/integrafp\/wp-json\/wp\/v2\/types\/post"}],"author":[{"embeddable":true,"href":"https:\/\/projectes.xtec.cat\/integrafp\/wp-json\/wp\/v2\/users\/134"}],"replies":[{"embeddable":true,"href":"https:\/\/projectes.xtec.cat\/integrafp\/wp-json\/wp\/v2\/comments?post=11585"}],"version-history":[{"count":2,"href":"https:\/\/projectes.xtec.cat\/integrafp\/wp-json\/wp\/v2\/posts\/11585\/revisions"}],"predecessor-version":[{"id":11610,"href":"https:\/\/projectes.xtec.cat\/integrafp\/wp-json\/wp\/v2\/posts\/11585\/revisions\/11610"}],"wp:featuredmedia":[{"embeddable":true,"href":"https:\/\/projectes.xtec.cat\/integrafp\/wp-json\/wp\/v2\/media\/11586"}],"wp:attachment":[{"href":"https:\/\/projectes.xtec.cat\/integrafp\/wp-json\/wp\/v2\/media?parent=11585"}],"wp:term":[{"taxonomy":"category","embeddable":true,"href":"https:\/\/projectes.xtec.cat\/integrafp\/wp-json\/wp\/v2\/categories?post=11585"},{"taxonomy":"post_tag","embeddable":true,"href":"https:\/\/projectes.xtec.cat\/integrafp\/wp-json\/wp\/v2\/tags?post=11585"}],"curies":[{"name":"wp","href":"https:\/\/api.w.org\/{rel}","templated":true}]}}