{"id":11715,"date":"2024-05-28T12:59:56","date_gmt":"2024-05-28T10:59:56","guid":{"rendered":"https:\/\/projectes.xtec.cat\/integrafp\/?p=11715"},"modified":"2024-05-28T13:01:59","modified_gmt":"2024-05-28T11:01:59","slug":"certificats-professionals-un-itinerari-mes-al-sistema-educatiu","status":"publish","type":"post","link":"https:\/\/projectes.xtec.cat\/integrafp\/general\/certificats-professionals-un-itinerari-mes-al-sistema-educatiu\/","title":{"rendered":"Certificats Professionals: un itinerari m\u00e9s al Sistema Educatiu"},"content":{"rendered":"<p>\ud83d\udcc5 Del 24 al 30 maig \u00e9s el per\u00edode de <a href=\"https:\/\/preinscripcio.gencat.cat\/ca\/inici\/\">preinscripci\u00f3 a la formaci\u00f3 professional<\/a> de <a href=\"https:\/\/preinscripcio.gencat.cat\/ca\/estudis\/fp-grau-mitja\/inici\/\">grau mitj\u00e0<\/a> i <a href=\"https:\/\/preinscripcio.gencat.cat\/ca\/estudis\/fp-grau-superior\/inici\/\">grau superior<\/a>, on els Certificats Professionals agafen rellev\u00e0ncia dins del mapa del sistema educatiu a Catalunya.<br \/>\n<img loading=\"lazy\" decoding=\"async\" class=\"alignnone size-large wp-image-11716\" src=\"https:\/\/projectes.xtec.cat\/integrafp\/wp-content\/uploads\/usu2419\/2024\/05\/TriaEducativa-1024x375.jpg\" alt=\"\" width=\"1024\" height=\"375\" srcset=\"https:\/\/projectes.xtec.cat\/integrafp\/wp-content\/uploads\/usu2419\/2024\/05\/TriaEducativa-1024x375.jpg 1024w, https:\/\/projectes.xtec.cat\/integrafp\/wp-content\/uploads\/usu2419\/2024\/05\/TriaEducativa-300x110.jpg 300w, https:\/\/projectes.xtec.cat\/integrafp\/wp-content\/uploads\/usu2419\/2024\/05\/TriaEducativa-768x281.jpg 768w, https:\/\/projectes.xtec.cat\/integrafp\/wp-content\/uploads\/usu2419\/2024\/05\/TriaEducativa-1536x562.jpg 1536w, https:\/\/projectes.xtec.cat\/integrafp\/wp-content\/uploads\/usu2419\/2024\/05\/TriaEducativa-2048x750.jpg 2048w\" sizes=\"auto, (max-width: 1024px) 100vw, 1024px\" \/><\/p>\n<p>\u27a1 Es fa una reserva de 2 places per grup per a les persones que han obtingut un o diversos\u00a0certificats professionals\u00a0integrats en el cicle formatiu a qu\u00e8 es demana accedir per cursar els m\u00f2duls que els permetin finalitzar el cicle. Les sol\u00b7licituds s&#8217;ordenen per la mitjana de la qualificaci\u00f3 obtinguda, de manera decreixent i, en cas d&#8217;empat s&#8217;aplica el resultat del sorteig.<\/p>\n<p>\ud83c\udf93 Amb la nova llei de FP &#8220;Ley Org\u00e1nica 3\/2022 del 31 marzo, de ordenaci\u00f3n e integraci\u00f3n de la Formaci\u00f3 Profesional&#8221; els certificats professionals s\u00f3n els nous graus C que donen acc\u00e9s als graus D corresponents als cicles formatius (un nivell 2 et permet accedir a GM mentre que els de nivell 3 al GS).<\/p>\n","protected":false},"excerpt":{"rendered":"<p>\ud83d\udcc5 Del 24 al 30 maig \u00e9s el per\u00edode de <a href=\"https:\/\/preinscripcio.gencat.cat\/ca\/inici\/\">preinscripci\u00f3 a la formaci\u00f3 professional<\/a> de <a href=\"https:\/\/preinscripcio.gencat.cat\/ca\/estudis\/fp-grau-mitja\/inici\/\">grau mitj\u00e0<\/a> i <a href=\"https:\/\/preinscripcio.gencat.cat\/ca\/estudis\/fp-grau-superior\/inici\/\">grau superior<\/a>, on els Certificats Professionals agafen rellev\u00e0ncia dins del mapa del sistema educatiu a Catalunya.<\/p>\n<p>\u27a1 Es fa una reserva de 2 places&hellip;  <a href=\"https:\/\/projectes.xtec.cat\/integrafp\/general\/certificats-professionals-un-itinerari-mes-al-sistema-educatiu\/\" title=\"Read Certificats Professionals: un itinerari m\u00e9s al Sistema Educatiu\">Llegeix m\u00e9s\u00bb<\/a><\/p>\n","protected":false},"author":44,"featured_media":11716,"comment_status":"open","ping_status":"closed","sticky":false,"template":"","format":"standard","meta":{"_bbp_topic_count":0,"_bbp_reply_count":0,"_bbp_total_topic_count":0,"_bbp_total_reply_count":0,"_bbp_voice_count":0,"_bbp_anonymous_reply_count":0,"_bbp_topic_count_hidden":0,"_bbp_reply_count_hidden":0,"_bbp_forum_subforum_count":0,"footnotes":""},"categories":[64,66,154,1,29],"tags":[353],"class_list":["post-11715","post","type-post","status-publish","format-standard","has-post-thumbnail","hentry","category-comunitat","category-dinamitzacio","category-formacio","category-general","category-portada","tag-certificatsprofessionals-centrespublics-departamenteducacio-generalitatdecatalunya"],"post_mailing_queue_ids":[],"_links":{"self":[{"href":"https:\/\/projectes.xtec.cat\/integrafp\/wp-json\/wp\/v2\/posts\/11715","targetHints":{"allow":["GET"]}}],"collection":[{"href":"https:\/\/projectes.xtec.cat\/integrafp\/wp-json\/wp\/v2\/posts"}],"about":[{"href":"https:\/\/projectes.xtec.cat\/integrafp\/wp-json\/wp\/v2\/types\/post"}],"author":[{"embeddable":true,"href":"https:\/\/projectes.xtec.cat\/integrafp\/wp-json\/wp\/v2\/users\/44"}],"replies":[{"embeddable":true,"href":"https:\/\/projectes.xtec.cat\/integrafp\/wp-json\/wp\/v2\/comments?post=11715"}],"version-history":[{"count":2,"href":"https:\/\/projectes.xtec.cat\/integrafp\/wp-json\/wp\/v2\/posts\/11715\/revisions"}],"predecessor-version":[{"id":11718,"href":"https:\/\/projectes.xtec.cat\/integrafp\/wp-json\/wp\/v2\/posts\/11715\/revisions\/11718"}],"wp:featuredmedia":[{"embeddable":true,"href":"https:\/\/projectes.xtec.cat\/integrafp\/wp-json\/wp\/v2\/media\/11716"}],"wp:attachment":[{"href":"https:\/\/projectes.xtec.cat\/integrafp\/wp-json\/wp\/v2\/media?parent=11715"}],"wp:term":[{"taxonomy":"category","embeddable":true,"href":"https:\/\/projectes.xtec.cat\/integrafp\/wp-json\/wp\/v2\/categories?post=11715"},{"taxonomy":"post_tag","embeddable":true,"href":"https:\/\/projectes.xtec.cat\/integrafp\/wp-json\/wp\/v2\/tags?post=11715"}],"curies":[{"name":"wp","href":"https:\/\/api.w.org\/{rel}","templated":true}]}}