{"id":11719,"date":"2024-05-31T10:41:52","date_gmt":"2024-05-31T08:41:52","guid":{"rendered":"https:\/\/projectes.xtec.cat\/integrafp\/?p=11719"},"modified":"2024-05-31T10:43:04","modified_gmt":"2024-05-31T08:43:04","slug":"presentacio-del-projecte-entre-linstitut-lluis-domenech-i-montaner-de-reus-i-linstitut-de-vic","status":"publish","type":"post","link":"https:\/\/projectes.xtec.cat\/integrafp\/general\/presentacio-del-projecte-entre-linstitut-lluis-domenech-i-montaner-de-reus-i-linstitut-de-vic\/","title":{"rendered":"Projecte col\u00b7laboratiu entre l&#8217;Institut Llu\u00eds Dom\u00e8nech i Montaner de Reus i l&#8217;Institut de Vic"},"content":{"rendered":"<p><strong>Innovaci\u00f3 i Col\u00b7laboraci\u00f3 en Mecanitzaci\u00f3: Un Esfor\u00e7 Conjunt entre l&#8217;Institut Llu\u00eds Dom\u00e8nech i Montaner de Reus i l&#8217;Institut de Vic<\/strong><\/p>\n<p>En una impressionant mostra de col\u00b7laboraci\u00f3 i t\u00e8cnica, els estudiants del Certificat Professional de Mecanitzaci\u00f3 per Arrencament de Ferritja (FMEH0109) han completat a temps les peces per a un projecte innovador entre l&#8217;Institut Llu\u00eds Dom\u00e8nech i Montaner de Reus i l&#8217;Institut de Vic.<\/p>\n<p>Aquest projecte tenia com a objectiu la mecanitzaci\u00f3 de components espec\u00edfics mitjan\u00e7ant l&#8217;\u00fas d&#8217;una m\u00e0quina de control num\u00e8ric. Durant tot el proc\u00e9s, va ser crucial seguir meticulosament les indicacions dels pl\u00e0nols per assegurar que les dimensions i toler\u00e0ncies fossin precises, permetent que les peces muntades funcionessin correctament. L&#8217;activitat requeria un treball en equip constant dins del grup de classe, fomentant un ambient d&#8217;aprenentatge col\u00b7laboratiu.<\/p>\n<p>Les parts treballades consistien en dos components dissenyats per acoblar-se perfectament. La mecanitzaci\u00f3 es va dur a terme conjuntament per estudiants de tots dos centres, que formen part de la Xarxa 1 d&#8217;IntegraFP. Durant la I Jornada IntegraFP, es va realitzar una demostraci\u00f3 on les peces de tots dos centres encaixaven sense inconvenients, aconseguint aix\u00ed l&#8217;objectiu del projecte.<\/p>\n<p>La jornada tamb\u00e9 va servir com una plataforma per exhibir els assoliments dels projectes col\u00b7laboratius en diferents \u00e0rees i entre diversos centres educatius. Aquesta iniciativa ha demostrat ser una experi\u00e8ncia enriquidora i esperem que pugui repetir-se en futurs cicles acad\u00e8mics, obrint portes a m\u00e9s oportunitats d&#8217;aprenentatge interactiu i cooperatiu entre institucions.<\/p>\n<figure class=\"figure wp-caption aligncenter\"><a href=\"https:\/\/projectes.xtec.cat\/integrafp\/wp-content\/uploads\/usu2419\/2024\/05\/I-Jornada-IntegraFP-Reus_Vic.jpeg\"><img loading=\"lazy\" decoding=\"async\" class=\"size-large wp-image-11720\" src=\"https:\/\/projectes.xtec.cat\/integrafp\/wp-content\/uploads\/usu2419\/2024\/05\/I-Jornada-IntegraFP-Reus_Vic-768x1024.jpeg\" alt=\"\" width=\"768\" height=\"1024\" srcset=\"https:\/\/projectes.xtec.cat\/integrafp\/wp-content\/uploads\/usu2419\/2024\/05\/I-Jornada-IntegraFP-Reus_Vic-768x1024.jpeg 768w, https:\/\/projectes.xtec.cat\/integrafp\/wp-content\/uploads\/usu2419\/2024\/05\/I-Jornada-IntegraFP-Reus_Vic-225x300.jpeg 225w, https:\/\/projectes.xtec.cat\/integrafp\/wp-content\/uploads\/usu2419\/2024\/05\/I-Jornada-IntegraFP-Reus_Vic-1152x1536.jpeg 1152w, https:\/\/projectes.xtec.cat\/integrafp\/wp-content\/uploads\/usu2419\/2024\/05\/I-Jornada-IntegraFP-Reus_Vic.jpeg 1200w\" sizes=\"auto, (max-width: 768px) 100vw, 768px\" \/><\/a><figcaption class=\"wp-caption-text\">Presentaci\u00f3 del projecte entre l&#8217;Institut Llu\u00eds Dom\u00e8nech i Montaner de Reus i l&#8217;Institut de Vic<\/figcaption><\/figure>\n","protected":false},"excerpt":{"rendered":"<p>Innovaci\u00f3 i Col\u00b7laboraci\u00f3 en Mecanitzaci\u00f3: Un Esfor\u00e7 Conjunt entre l&#8217;Institut Llu\u00eds Dom\u00e8nech i Montaner de Reus i l&#8217;Institut de Vic<br \/>\nEn una impressionant mostra de col\u00b7laboraci\u00f3 i t\u00e8cnica, els estudiants del Certificat Professional de Mecanitzaci\u00f3 per Arrencament de Ferritja (FMEH0109) han completat a temps les peces&hellip;  <a href=\"https:\/\/projectes.xtec.cat\/integrafp\/general\/presentacio-del-projecte-entre-linstitut-lluis-domenech-i-montaner-de-reus-i-linstitut-de-vic\/\" title=\"Read Projecte col\u00b7laboratiu entre l&#8217;Institut Llu\u00eds Dom\u00e8nech i Montaner de Reus i l&#8217;Institut de Vic\">Llegeix m\u00e9s\u00bb<\/a><\/p>\n","protected":false},"author":31,"featured_media":11720,"comment_status":"open","ping_status":"closed","sticky":false,"template":"","format":"standard","meta":{"_bbp_topic_count":0,"_bbp_reply_count":0,"_bbp_total_topic_count":0,"_bbp_total_reply_count":0,"_bbp_voice_count":0,"_bbp_anonymous_reply_count":0,"_bbp_topic_count_hidden":0,"_bbp_reply_count_hidden":0,"_bbp_forum_subforum_count":0,"footnotes":""},"categories":[64,66,154,1,29],"tags":[295,345,296,299],"class_list":["post-11719","post","type-post","status-publish","format-standard","has-post-thumbnail","hentry","category-comunitat","category-dinamitzacio","category-formacio","category-general","category-portada","tag-fabricacio-mecanica","tag-projecte-collaboratiu","tag-barcelona","tag-provincia-tarragona"],"post_mailing_queue_ids":[],"_links":{"self":[{"href":"https:\/\/projectes.xtec.cat\/integrafp\/wp-json\/wp\/v2\/posts\/11719","targetHints":{"allow":["GET"]}}],"collection":[{"href":"https:\/\/projectes.xtec.cat\/integrafp\/wp-json\/wp\/v2\/posts"}],"about":[{"href":"https:\/\/projectes.xtec.cat\/integrafp\/wp-json\/wp\/v2\/types\/post"}],"author":[{"embeddable":true,"href":"https:\/\/projectes.xtec.cat\/integrafp\/wp-json\/wp\/v2\/users\/31"}],"replies":[{"embeddable":true,"href":"https:\/\/projectes.xtec.cat\/integrafp\/wp-json\/wp\/v2\/comments?post=11719"}],"version-history":[{"count":5,"href":"https:\/\/projectes.xtec.cat\/integrafp\/wp-json\/wp\/v2\/posts\/11719\/revisions"}],"predecessor-version":[{"id":11728,"href":"https:\/\/projectes.xtec.cat\/integrafp\/wp-json\/wp\/v2\/posts\/11719\/revisions\/11728"}],"wp:featuredmedia":[{"embeddable":true,"href":"https:\/\/projectes.xtec.cat\/integrafp\/wp-json\/wp\/v2\/media\/11720"}],"wp:attachment":[{"href":"https:\/\/projectes.xtec.cat\/integrafp\/wp-json\/wp\/v2\/media?parent=11719"}],"wp:term":[{"taxonomy":"category","embeddable":true,"href":"https:\/\/projectes.xtec.cat\/integrafp\/wp-json\/wp\/v2\/categories?post=11719"},{"taxonomy":"post_tag","embeddable":true,"href":"https:\/\/projectes.xtec.cat\/integrafp\/wp-json\/wp\/v2\/tags?post=11719"}],"curies":[{"name":"wp","href":"https:\/\/api.w.org\/{rel}","templated":true}]}}