{"id":11757,"date":"2024-06-12T11:49:33","date_gmt":"2024-06-12T09:49:33","guid":{"rendered":"https:\/\/projectes.xtec.cat\/integrafp\/?p=11757"},"modified":"2024-06-12T11:49:33","modified_gmt":"2024-06-12T09:49:33","slug":"ins-lluis-domenech-i-muntaner-de-reus-certificats-professionals","status":"publish","type":"post","link":"https:\/\/projectes.xtec.cat\/integrafp\/general\/ins-lluis-domenech-i-muntaner-de-reus-certificats-professionals\/","title":{"rendered":"INS Llu\u00eds Dom\u00e8nech i Muntaner de Reus: certificats professionals"},"content":{"rendered":"<p>Aquest curs 2023-2024 ha sigut la tercera convocat\u00f2ria executant certificats professionals. La nostra oferta formativa ha tingut una gran acceptaci\u00f3 en els darrers anys i ja estem preparant la quarta edici\u00f3 per al curs 2024-2025.<\/p>\n<p><img loading=\"lazy\" decoding=\"async\" class=\"alignnone size-full wp-image-11758\" src=\"https:\/\/projectes.xtec.cat\/integrafp\/wp-content\/uploads\/usu2419\/2024\/06\/IMG_20240509_194926-.jpg\" alt=\"\" width=\"1024\" height=\"461\" srcset=\"https:\/\/projectes.xtec.cat\/integrafp\/wp-content\/uploads\/usu2419\/2024\/06\/IMG_20240509_194926-.jpg 1024w, https:\/\/projectes.xtec.cat\/integrafp\/wp-content\/uploads\/usu2419\/2024\/06\/IMG_20240509_194926--300x135.jpg 300w, https:\/\/projectes.xtec.cat\/integrafp\/wp-content\/uploads\/usu2419\/2024\/06\/IMG_20240509_194926--768x346.jpg 768w\" sizes=\"auto, (max-width: 1024px) 100vw, 1024px\" \/><\/p>\n<p>Ens especialitzem en oferir formaci\u00f3 de qualitat en \u00e0rees industrials, concretament en els cursos:<\/p>\n<ul>\n<li>[ELEM0311] Muntatge i manteniment de sistemes d\u2019Automatitzaci\u00f3.<\/li>\n<li>[FMEH0109] Mecanitzaci\u00f3 per arrencament de ferritja.<\/li>\n<\/ul>\n<p>&nbsp;<\/p>\n<p><span style=\"text-decoration: underline;\">Formaci\u00f3 per a Tothom:<\/span><\/p>\n<p>Els certificats professionals no s\u00f3n nom\u00e9s una excel\u00b7lent oportunitat per als joves que desitgen iniciar-se en el m\u00f3n laboral, sin\u00f3 que tamb\u00e9 s\u00f3n una via per a la reinserci\u00f3 laboral d&#8217;adults que volen canviar de professi\u00f3. Tenim alumnes de totes les edats i perfils, des de joves que, despr\u00e9s de finalitzar el curs, continuen la seva formaci\u00f3 amb un grau mig o superior, fins a persones de 54 anys que han decidit aventurar-se en un sector completament nou per a ells. Hem comprovat que aquestes persones, gr\u00e0cies a la formaci\u00f3 rebuda, es capaciten per a iniciar-se en un nou ofici, responent aix\u00ed a la demanda continua de professionals en el sector industrial.<\/p>\n<p><span style=\"text-decoration: underline;\">Valoraci\u00f3 per Part de les Empreses:<\/span><\/p>\n<p>Les empreses valoren molt positivament aquesta formaci\u00f3, considerant-la suficient per comen\u00e7ar a treballar en el sector, i des del nostre centre estem molt contents amb els resultats obtinguts. Les empreses a m\u00e9s d&#8217;acollir l&#8217;alumnat, tamb\u00e9 els ofereixen oportunitats laborals reals. El nostre grup d\u2019estudiants \u00e9s molt divers, amb persones de diferents edats i perfils, la qual cosa no \u00e9s un obstacle per a crear un ambient de treball cohesionat i agradable a les classes.<\/p>\n<p><span style=\"text-decoration: underline;\">Informaci\u00f3 de Contacte:<\/span><\/p>\n<ul>\n<li>P\u00e0gina web: https:\/\/iesdimreus.cat\/estudis\/certificats-de-professionalitat\/<\/li>\n<li>Correu electr\u00f2nic: c.professionalitat@iesdimreus.cat<\/li>\n<li>Cercador de la Generalitat: https:\/\/triaeducativa.gencat.cat\/ca\/fp\/certificats-professionals\/<\/li>\n<\/ul>\n<p>&nbsp;<\/p>\n<p>A l&#8217;INS Llu\u00eds Dom\u00e8nech i Muntaner de Reus, creiem fermament en la import\u00e0ncia d&#8217;una formaci\u00f3 pr\u00e0ctica i adaptada a les necessitats reals del mercat laboral, i estem compromesos a continuar oferint cursos que proporcionin als nostres estudiants les eines necess\u00e0ries per a un futur laboral exit\u00f3s.<\/p>\n<p>Ens veiem aviat a les nostres aules!<\/p>\n","protected":false},"excerpt":{"rendered":"<p>Aquest curs 2023-2024 ha sigut la tercera convocat\u00f2ria executant certificats professionals. La nostra oferta formativa ha tingut una gran acceptaci\u00f3 en els darrers anys i ja estem preparant la quarta edici\u00f3 per al curs 2024-2025.<\/p>\n<p>Ens especialitzem en oferir formaci\u00f3 de qualitat en \u00e0rees industrials, concretament&hellip;  <a href=\"https:\/\/projectes.xtec.cat\/integrafp\/general\/ins-lluis-domenech-i-muntaner-de-reus-certificats-professionals\/\" title=\"Read INS Llu\u00eds Dom\u00e8nech i Muntaner de Reus: certificats professionals\">Llegeix m\u00e9s\u00bb<\/a><\/p>\n","protected":false},"author":44,"featured_media":11758,"comment_status":"open","ping_status":"closed","sticky":false,"template":"","format":"standard","meta":{"_bbp_topic_count":0,"_bbp_reply_count":0,"_bbp_total_topic_count":0,"_bbp_total_reply_count":0,"_bbp_voice_count":0,"_bbp_anonymous_reply_count":0,"_bbp_topic_count_hidden":0,"_bbp_reply_count_hidden":0,"_bbp_forum_subforum_count":0,"footnotes":""},"categories":[154,1,29],"tags":[307,295,299],"class_list":["post-11757","post","type-post","status-publish","format-standard","has-post-thumbnail","hentry","category-formacio","category-general","category-portada","tag-electricitat-i-electronica","tag-fabricacio-mecanica","tag-provincia-tarragona"],"post_mailing_queue_ids":[],"_links":{"self":[{"href":"https:\/\/projectes.xtec.cat\/integrafp\/wp-json\/wp\/v2\/posts\/11757","targetHints":{"allow":["GET"]}}],"collection":[{"href":"https:\/\/projectes.xtec.cat\/integrafp\/wp-json\/wp\/v2\/posts"}],"about":[{"href":"https:\/\/projectes.xtec.cat\/integrafp\/wp-json\/wp\/v2\/types\/post"}],"author":[{"embeddable":true,"href":"https:\/\/projectes.xtec.cat\/integrafp\/wp-json\/wp\/v2\/users\/44"}],"replies":[{"embeddable":true,"href":"https:\/\/projectes.xtec.cat\/integrafp\/wp-json\/wp\/v2\/comments?post=11757"}],"version-history":[{"count":1,"href":"https:\/\/projectes.xtec.cat\/integrafp\/wp-json\/wp\/v2\/posts\/11757\/revisions"}],"predecessor-version":[{"id":11759,"href":"https:\/\/projectes.xtec.cat\/integrafp\/wp-json\/wp\/v2\/posts\/11757\/revisions\/11759"}],"wp:featuredmedia":[{"embeddable":true,"href":"https:\/\/projectes.xtec.cat\/integrafp\/wp-json\/wp\/v2\/media\/11758"}],"wp:attachment":[{"href":"https:\/\/projectes.xtec.cat\/integrafp\/wp-json\/wp\/v2\/media?parent=11757"}],"wp:term":[{"taxonomy":"category","embeddable":true,"href":"https:\/\/projectes.xtec.cat\/integrafp\/wp-json\/wp\/v2\/categories?post=11757"},{"taxonomy":"post_tag","embeddable":true,"href":"https:\/\/projectes.xtec.cat\/integrafp\/wp-json\/wp\/v2\/tags?post=11757"}],"curies":[{"name":"wp","href":"https:\/\/api.w.org\/{rel}","templated":true}]}}