{"id":11785,"date":"2024-11-04T15:09:33","date_gmt":"2024-11-04T14:09:33","guid":{"rendered":"https:\/\/projectes.xtec.cat\/integrafp\/?p=11785"},"modified":"2024-11-04T15:10:39","modified_gmt":"2024-11-04T14:10:39","slug":"institut-caparrella-nova-edicio-del-certificat-professional-doperacions-auxiliars-de-muntatge-dinstal-lacions-electrotecniques-i-telecomunicacions-en-edificis","status":"publish","type":"post","link":"https:\/\/projectes.xtec.cat\/integrafp\/portada\/institut-caparrella-nova-edicio-del-certificat-professional-doperacions-auxiliars-de-muntatge-dinstal-lacions-electrotecniques-i-telecomunicacions-en-edificis\/","title":{"rendered":"Institut Caparrella. Nova edici\u00f3 del certificat professional d&#8217;Operacions auxiliars de muntatge d\u2019instal.lacions electrot\u00e8cniques i telecomunicacions en edificis"},"content":{"rendered":"<p>Des de l&#8217;Institut Caparrella tornem a oferir el certificat professional d&#8217;Operacions auxiliars de muntatge d\u2019instal.lacions electrot\u00e8cniques i telecomunicacions en edificis (ELES0208) que el curs passat vam cursar amb molt \u00e8xit de participaci\u00f3 i inter\u00e8s per part dels participants.<\/p>\n<p>Vam comptar amb un total de 5 empreses col\u00b7laboradores que van acollir l&#8217;alumnat en pr\u00e0ctiques.<\/p>\n<p>Enguany iniciarem el certificat durant el mes de novembre i el finalitzarem el mar\u00e7 de 2025 per tot seguit iniciar les pr\u00e0ctiques no laborals.<\/p>\n<p>Us anirem informant!<\/p>\n<p>Institut Caparrella<\/p>\n<p><a href=\"https:\/\/projectes.xtec.cat\/integrafp\/wp-content\/uploads\/usu2419\/2024\/10\/fulleto_operacions_auxiliars_generic_V4_24_NovaEdicio-2_Pagina_1.jpg\"><img loading=\"lazy\" decoding=\"async\" class=\"aligncenter size-full wp-image-11787\" src=\"https:\/\/projectes.xtec.cat\/integrafp\/wp-content\/uploads\/usu2419\/2024\/10\/fulleto_operacions_auxiliars_generic_V4_24_NovaEdicio-2_Pagina_1.jpg\" alt=\"Fullet\u00f3\" width=\"665\" height=\"943\" srcset=\"https:\/\/projectes.xtec.cat\/integrafp\/wp-content\/uploads\/usu2419\/2024\/10\/fulleto_operacions_auxiliars_generic_V4_24_NovaEdicio-2_Pagina_1.jpg 665w, https:\/\/projectes.xtec.cat\/integrafp\/wp-content\/uploads\/usu2419\/2024\/10\/fulleto_operacions_auxiliars_generic_V4_24_NovaEdicio-2_Pagina_1-212x300.jpg 212w\" sizes=\"auto, (max-width: 665px) 100vw, 665px\" \/><\/a><\/p>\n","protected":false},"excerpt":{"rendered":"<p>Des de l&#8217;Institut Caparrella tornem a oferir el certificat professional d&#8217;Operacions auxiliars de muntatge d\u2019instal.lacions electrot\u00e8cniques i telecomunicacions en edificis (ELES0208) que el curs passat vam cursar amb molt \u00e8xit de participaci\u00f3 i inter\u00e8s per part dels participants.<br \/>\nVam comptar amb un total de 5 empreses&hellip;  <a href=\"https:\/\/projectes.xtec.cat\/integrafp\/portada\/institut-caparrella-nova-edicio-del-certificat-professional-doperacions-auxiliars-de-muntatge-dinstal-lacions-electrotecniques-i-telecomunicacions-en-edificis\/\" title=\"Read Institut Caparrella. Nova edici\u00f3 del certificat professional d&#8217;Operacions auxiliars de muntatge d\u2019instal.lacions electrot\u00e8cniques i telecomunicacions en edificis\">Llegeix m\u00e9s\u00bb<\/a><\/p>\n","protected":false},"author":55,"featured_media":0,"comment_status":"open","ping_status":"closed","sticky":false,"template":"","format":"standard","meta":{"_bbp_topic_count":0,"_bbp_reply_count":0,"_bbp_total_topic_count":0,"_bbp_total_reply_count":0,"_bbp_voice_count":0,"_bbp_anonymous_reply_count":0,"_bbp_topic_count_hidden":0,"_bbp_reply_count_hidden":0,"_bbp_forum_subforum_count":0,"footnotes":""},"categories":[29],"tags":[],"class_list":["post-11785","post","type-post","status-publish","format-standard","hentry","category-portada"],"post_mailing_queue_ids":[],"_links":{"self":[{"href":"https:\/\/projectes.xtec.cat\/integrafp\/wp-json\/wp\/v2\/posts\/11785","targetHints":{"allow":["GET"]}}],"collection":[{"href":"https:\/\/projectes.xtec.cat\/integrafp\/wp-json\/wp\/v2\/posts"}],"about":[{"href":"https:\/\/projectes.xtec.cat\/integrafp\/wp-json\/wp\/v2\/types\/post"}],"author":[{"embeddable":true,"href":"https:\/\/projectes.xtec.cat\/integrafp\/wp-json\/wp\/v2\/users\/55"}],"replies":[{"embeddable":true,"href":"https:\/\/projectes.xtec.cat\/integrafp\/wp-json\/wp\/v2\/comments?post=11785"}],"version-history":[{"count":2,"href":"https:\/\/projectes.xtec.cat\/integrafp\/wp-json\/wp\/v2\/posts\/11785\/revisions"}],"predecessor-version":[{"id":11877,"href":"https:\/\/projectes.xtec.cat\/integrafp\/wp-json\/wp\/v2\/posts\/11785\/revisions\/11877"}],"wp:attachment":[{"href":"https:\/\/projectes.xtec.cat\/integrafp\/wp-json\/wp\/v2\/media?parent=11785"}],"wp:term":[{"taxonomy":"category","embeddable":true,"href":"https:\/\/projectes.xtec.cat\/integrafp\/wp-json\/wp\/v2\/categories?post=11785"},{"taxonomy":"post_tag","embeddable":true,"href":"https:\/\/projectes.xtec.cat\/integrafp\/wp-json\/wp\/v2\/tags?post=11785"}],"curies":[{"name":"wp","href":"https:\/\/api.w.org\/{rel}","templated":true}]}}