{"id":11938,"date":"2024-12-09T13:15:34","date_gmt":"2024-12-09T12:15:34","guid":{"rendered":"https:\/\/projectes.xtec.cat\/integrafp\/?p=11938"},"modified":"2024-12-09T13:16:11","modified_gmt":"2024-12-09T12:16:11","slug":"format-i-imprimeix-el-teu-futur-obert-el-certificat-de-professionalitat-en-impressio-serigrafica-i-tampografica","status":"publish","type":"post","link":"https:\/\/projectes.xtec.cat\/integrafp\/portada\/format-i-imprimeix-el-teu-futur-obert-el-certificat-de-professionalitat-en-impressio-serigrafica-i-tampografica\/","title":{"rendered":"Forma\u2019t i imprimeix el teu futur: Obert el Certificat de Professionalitat en Impressi\u00f3 Serigr\u00e0fica i Tampogr\u00e0fica"},"content":{"rendered":"<article class=\"w-full scroll-mb-[var(--thread-trailing-height,150px)] text-token-text-primary focus-visible:outline-2 focus-visible:outline-offset-[-4px]\" dir=\"auto\" data-testid=\"conversation-turn-5\" data-scroll-anchor=\"false\">\n<div class=\"m-auto text-base py-[18px] px-3 md:px-4 w-full md:px-5 lg:px-4 xl:px-5\">\n<div class=\"mx-auto flex flex-1 gap-4 text-base md:gap-5 lg:gap-6 md:max-w-3xl lg:max-w-[40rem] xl:max-w-[48rem]\">\n<div class=\"group\/conversation-turn relative flex w-full min-w-0 flex-col agent-turn\">\n<div class=\"flex-col gap-1 md:gap-3\">\n<div class=\"flex max-w-full flex-col flex-grow\">\n<div class=\"min-h-8 text-message flex w-full flex-col items-end gap-2 whitespace-normal break-words text-start [.text-message+&amp;]:mt-5\" dir=\"auto\" data-message-author-role=\"assistant\" data-message-id=\"8fe8d1df-eafc-4f5d-a386-5adb186d0aa5\" data-message-model-slug=\"gpt-4o\">\n<div class=\"flex w-full flex-col gap-1 empty:hidden first:pt-[3px]\">\n<div class=\"markdown prose w-full break-words dark:prose-invert light\">\n<p><strong style=\"font-family: inherit; font-size: 1em;\">Descobreix la teva pr\u00f2xima gran oportunitat professional: Certificat de Professionalitat en Impressi\u00f3 Serigr\u00e0fica i Tampogr\u00e0fica<\/strong><\/p>\n<\/div>\n<\/div>\n<\/div>\n<\/div>\n<\/div>\n<\/div>\n<\/div>\n<\/div>\n<\/article>\n<article class=\"w-full scroll-mb-[var(--thread-trailing-height,150px)] text-token-text-primary focus-visible:outline-2 focus-visible:outline-offset-[-4px]\" dir=\"auto\" data-testid=\"conversation-turn-7\" data-scroll-anchor=\"true\">\n<div class=\"m-auto text-base py-[18px] px-3 md:px-4 w-full md:px-5 lg:px-4 xl:px-5\">\n<div class=\"mx-auto flex flex-1 gap-4 text-base md:gap-5 lg:gap-6 md:max-w-3xl lg:max-w-[40rem] xl:max-w-[48rem]\">\n<div class=\"group\/conversation-turn relative flex w-full min-w-0 flex-col agent-turn\">\n<div class=\"flex-col gap-1 md:gap-3\">\n<div class=\"flex max-w-full flex-col flex-grow\">\n<div class=\"min-h-8 text-message flex w-full flex-col items-end gap-2 whitespace-normal break-words text-start [.text-message+&amp;]:mt-5\" dir=\"auto\" data-message-author-role=\"assistant\" data-message-id=\"3dbd3127-ac35-41f5-91a9-047258d6bb42\" data-message-model-slug=\"gpt-4o\">\n<div class=\"flex w-full flex-col gap-1 empty:hidden first:pt-[3px]\">\n<div class=\"markdown prose w-full break-words dark:prose-invert light\">\n<p>Sant Just Desvern, desembre de 2024 &#8211; Si busques una formaci\u00f3 pr\u00e0ctica, creativa i amb alta projecci\u00f3 laboral, <strong>l\u2019Institut de Formaci\u00f3 Professional Antoni Alguer\u00f3<\/strong> t\u2019ofereix el que necessites: el <strong>Certificat de Professionalitat en Impressi\u00f3 Serigr\u00e0fica i Tampogr\u00e0fica<\/strong>, amb inici el pr\u00f2xim <strong>8 de gener de 2025<\/strong>.<\/p>\n<\/div>\n<p><img decoding=\"async\" src=\"https:\/\/imborrable.com\/wp-content\/uploads\/2022\/10\/sistemas-impresion-serigrafia.jpg\" alt=\"Serigraf\u00eda o impresi\u00f3n permeogr\u00e1fica: qu\u00e9 es y c\u00f3mo funciona ...\" \/><\/p>\n<div class=\"markdown prose w-full break-words dark:prose-invert light\">\n<h3>Per qu\u00e8 escollir aquest certificat?<\/h3>\n<p>1\ufe0f\u20e3 <strong>Certificaci\u00f3 oficial amb reconeixement europeu:<\/strong> Aconsegueix un t\u00edtol de nivell 2 que potenciar\u00e0 el teu curr\u00edculum i obrir\u00e0 portes al mercat laboral.<br \/>\n2\ufe0f\u20e3 <strong>Formaci\u00f3 pr\u00e0ctica i impactant:<\/strong> Domina les t\u00e8cniques d\u2019estampaci\u00f3 en t\u00e8xtils, paper i objectes irregulars, treballant amb maquin\u00e0ria d\u2019\u00faltima generaci\u00f3. Imagina poder imprimir les teves pr\u00f2pies creacions en samarretes, bosses, tasses i molt m\u00e9s!<br \/>\n3\ufe0f\u20e3 <strong>Connexi\u00f3 directa amb empreses del sector gr\u00e0fic:<\/strong> Gaudeix de 120 hores de pr\u00e0ctiques professionals, assegurant una experi\u00e8ncia real i valuosa.<br \/>\n4\ufe0f\u20e3 <strong>Flexibilitat i adaptaci\u00f3:<\/strong> Classes en un entorn innovador, amb horaris accessibles que t\u2019ajudaran a organitzar el teu temps de manera eficient.<\/p>\n<h3>Detalls clau del curs:<\/h3>\n<ul>\n<li><strong>Inici:<\/strong> 8 de gener de 2025<\/li>\n<li><strong>Horari:<\/strong> De dilluns a divendres, de 8.00 a 14.30 h (amb variacions puntuals).<\/li>\n<li><strong>Durada:<\/strong> 15 setmanes.<\/li>\n<li><strong>Pr\u00e0ctiques:<\/strong> 120 hores en empreses l\u00edders del sector gr\u00e0fic.<\/li>\n<li><strong>Places:<\/strong> Exclusives i limitades a nom\u00e9s 15 participants per grup.<\/li>\n<\/ul>\n<h3>\u00c9s el curs per a tu?<\/h3>\n<p>Aquest certificat \u00e9s perfecte per a persones creatives, amb ganes de transformar idees en realitat. Si tens algun dels seg\u00fcents requisits, no deixis escapar aquesta oportunitat:<\/p>\n<ul>\n<li>T\u00edtol de graduat en Educaci\u00f3 Secund\u00e0ria o equivalent.<\/li>\n<li>Certificat de Professionalitat (nivell 1 o 2).<\/li>\n<li>Altres requisits acad\u00e8mics (CFGM, acc\u00e9s a la universitat).<\/li>\n<li>Superaci\u00f3 d\u2019una prova de compet\u00e8ncies.<\/li>\n<\/ul>\n<h3>Qui pot apuntar-se?<\/h3>\n<p>Adre\u00e7at principalment a <strong>persones desocupades (70% de les places)<\/strong> i a <strong>treballadors\/estudiants (30%)<\/strong>. \u00c9s imprescindible estar inscrit com a demandant d\u2019ocupaci\u00f3 (DONO) o registrat com a treballador\/estudiant (SICAS).<\/p>\n<h3>Actua ara!<\/h3>\n<p>Les places s\u00f3n molt limitades i s\u2019assignaran per ordre d\u2019inscripci\u00f3. Completa el formulari avui mateix i reserva la teva pla\u00e7a en aquesta formaci\u00f3 exclusiva que donar\u00e0 un gir a la teva carrera professional.<\/p>\n<p>\ud83d\udca1 <strong>No deixis escapar aquesta oportunitat!<\/strong><br \/>\nTransforma les teves habilitats en una carrera prometedora dins el m\u00f3n de la impressi\u00f3 gr\u00e0fica. Som aqu\u00ed per ajudar-te a aconseguir-ho.<\/p>\n<p><strong>Inscripcions obertes ara mateix!<\/strong><\/p>\n<\/div>\n<p>Per m\u00e9s informaci\u00f3 contacta amb nosaltres enviant un mail al correu cp@ifp-alguero.org<\/p>\n<\/div>\n<\/div>\n<\/div>\n<\/div>\n<\/div>\n<\/div>\n<\/div>\n<\/article>\n","protected":false},"excerpt":{"rendered":"<p>Descobreix la teva pr\u00f2xima gran oportunitat professional: Certificat de Professionalitat en Impressi\u00f3 Serigr\u00e0fica i Tampogr\u00e0fica<\/p>\n<p>Sant Just Desvern, desembre de 2024 &#8211; Si busques una formaci\u00f3 pr\u00e0ctica, creativa i amb alta projecci\u00f3 laboral, l\u2019Institut de Formaci\u00f3 Professional Antoni Alguer\u00f3 t\u2019ofereix el que necessites: el Certificat de&hellip;  <a href=\"https:\/\/projectes.xtec.cat\/integrafp\/portada\/format-i-imprimeix-el-teu-futur-obert-el-certificat-de-professionalitat-en-impressio-serigrafica-i-tampografica\/\" title=\"Read Forma\u2019t i imprimeix el teu futur: Obert el Certificat de Professionalitat en Impressi\u00f3 Serigr\u00e0fica i Tampogr\u00e0fica\">Llegeix m\u00e9s\u00bb<\/a><\/p>\n","protected":false},"author":160,"featured_media":0,"comment_status":"open","ping_status":"closed","sticky":false,"template":"","format":"standard","meta":{"_bbp_topic_count":0,"_bbp_reply_count":0,"_bbp_total_topic_count":0,"_bbp_total_reply_count":0,"_bbp_voice_count":0,"_bbp_anonymous_reply_count":0,"_bbp_topic_count_hidden":0,"_bbp_reply_count_hidden":0,"_bbp_forum_subforum_count":0,"footnotes":""},"categories":[64,29],"tags":[356],"class_list":["post-11938","post","type-post","status-publish","format-standard","hentry","category-comunitat","category-portada","tag-cp"],"post_mailing_queue_ids":[],"_links":{"self":[{"href":"https:\/\/projectes.xtec.cat\/integrafp\/wp-json\/wp\/v2\/posts\/11938","targetHints":{"allow":["GET"]}}],"collection":[{"href":"https:\/\/projectes.xtec.cat\/integrafp\/wp-json\/wp\/v2\/posts"}],"about":[{"href":"https:\/\/projectes.xtec.cat\/integrafp\/wp-json\/wp\/v2\/types\/post"}],"author":[{"embeddable":true,"href":"https:\/\/projectes.xtec.cat\/integrafp\/wp-json\/wp\/v2\/users\/160"}],"replies":[{"embeddable":true,"href":"https:\/\/projectes.xtec.cat\/integrafp\/wp-json\/wp\/v2\/comments?post=11938"}],"version-history":[{"count":4,"href":"https:\/\/projectes.xtec.cat\/integrafp\/wp-json\/wp\/v2\/posts\/11938\/revisions"}],"predecessor-version":[{"id":11952,"href":"https:\/\/projectes.xtec.cat\/integrafp\/wp-json\/wp\/v2\/posts\/11938\/revisions\/11952"}],"wp:attachment":[{"href":"https:\/\/projectes.xtec.cat\/integrafp\/wp-json\/wp\/v2\/media?parent=11938"}],"wp:term":[{"taxonomy":"category","embeddable":true,"href":"https:\/\/projectes.xtec.cat\/integrafp\/wp-json\/wp\/v2\/categories?post=11938"},{"taxonomy":"post_tag","embeddable":true,"href":"https:\/\/projectes.xtec.cat\/integrafp\/wp-json\/wp\/v2\/tags?post=11938"}],"curies":[{"name":"wp","href":"https:\/\/api.w.org\/{rel}","templated":true}]}}