{"id":12005,"date":"2025-01-21T09:29:25","date_gmt":"2025-01-21T08:29:25","guid":{"rendered":"https:\/\/projectes.xtec.cat\/integrafp\/?p=12005"},"modified":"2025-01-21T09:30:13","modified_gmt":"2025-01-21T08:30:13","slug":"certificat-de-professionalitat-salvament-en-installacions-aquatiques","status":"publish","type":"post","link":"https:\/\/projectes.xtec.cat\/integrafp\/general\/certificat-de-professionalitat-salvament-en-installacions-aquatiques\/","title":{"rendered":"Certificat de Professionalitat Salvament en instal\u00b7lacions aqu\u00e2tiques"},"content":{"rendered":"<p>&nbsp;<\/p>\n<p style=\"text-align: center;\"><strong>Comen\u00e7a el Certificat de Professionalitat de Salvament en Instal\u00b7lacions Aqu\u00e0tiques a l\u2019institut de Vic <\/strong><\/p>\n<p style=\"text-align: left;\">El proper 27 de gener, l\u2019Institut de Vic acollir\u00e0 l\u2019inici del Certificat de Professionalitat de Salvament en Instal\u00b7lacions aqu\u00e0tiques, una oportunitat \u00fanica per formar-se en una professi\u00f3 amb alta demanda laboral.<\/p>\n<p>Aquest curs est\u00e0 subvencionat pel SOC i est\u00e0 dirigit a persones interessades en treballar com a socorristes en piscines i altres instal\u00b7lacions aqu\u00e0tiques.<\/p>\n<p><strong>Detalls del curs:<\/strong><\/p>\n<ul>\n<li>Inici del curs: 27 de gener.<\/li>\n<li>\u00a0Horari: De 15:00h a 19:00h.<\/li>\n<li>Modalitat: Classes te\u00f2riques combinades amb pr\u00e0ctiques a la piscina.<\/li>\n<li>Durada: 380 hores.<\/li>\n<\/ul>\n<p><strong>Per qu\u00e8 formar-te en salvament aqu\u00e0tic? <\/strong><\/p>\n<p>El sector del salvament aqu\u00e0tic est\u00e0 en constant creixement, especialment durant les temporades d\u2019estiu, amb moltes oportunitats en instal\u00b7lacions esportives, piscines municipals, centres recreatius i clubs esportius. Aquest certificat no nom\u00e9s garanteix la preparaci\u00f3 t\u00e8cnica necess\u00e0ria, sin\u00f3 tamb\u00e9 els coneixements de primers auxilis i protocols de seguretat requerits.<\/p>\n<p><strong>Qui pot participar? <\/strong><\/p>\n<p>El curs est\u00e0 destinat a persones en situaci\u00f3 d\u2019atur o en actiu, amb el suport del Servei P\u00fablic d\u2019Ocupaci\u00f3 de Catalunya (SOC). No nom\u00e9s t\u2019ajudar\u00e0 a adquirir habilitats professionals, sin\u00f3 que tamb\u00e9 t\u2019obre portes a un futur laboral segur i ple d\u2019oportunitats.<\/p>\n<p><strong>Com inscriure\u2019s? <\/strong><\/p>\n<p>Les places s\u00f3n limitades! Si est\u00e0s interessat o interessada, no deixis escapar aquesta oportunitat. Contacta amb l\u2019Institut de Vic o consulta el web del SOC per obtenir m\u00e9s informaci\u00f3 sobre com formalitzar la teva inscripci\u00f3.<\/p>\n<p style=\"text-align: center;\"><strong>Forma\u2019t, prepara\u2019t, i comen\u00e7a la teva carrera com a socorrista aqu\u00e0tic! <\/strong><\/p>\n","protected":false},"excerpt":{"rendered":"<p>&nbsp;<br \/>\nComen\u00e7a el Certificat de Professionalitat de Salvament en Instal\u00b7lacions Aqu\u00e0tiques a l\u2019institut de Vic<br \/>\nEl proper 27 de gener, l\u2019Institut de Vic acollir\u00e0 l\u2019inici del Certificat de Professionalitat de Salvament en Instal\u00b7lacions aqu\u00e0tiques, una oportunitat \u00fanica per formar-se en una professi\u00f3 amb alta demanda laboral.<br \/>\nAquest&hellip;  <a href=\"https:\/\/projectes.xtec.cat\/integrafp\/general\/certificat-de-professionalitat-salvament-en-installacions-aquatiques\/\" title=\"Read Certificat de Professionalitat Salvament en instal\u00b7lacions aqu\u00e2tiques\">Llegeix m\u00e9s\u00bb<\/a><\/p>\n","protected":false},"author":167,"featured_media":0,"comment_status":"open","ping_status":"closed","sticky":false,"template":"","format":"standard","meta":{"_bbp_topic_count":0,"_bbp_reply_count":0,"_bbp_total_topic_count":0,"_bbp_total_reply_count":0,"_bbp_voice_count":0,"_bbp_anonymous_reply_count":0,"_bbp_topic_count_hidden":0,"_bbp_reply_count_hidden":0,"_bbp_forum_subforum_count":0,"footnotes":""},"categories":[1,29],"tags":[],"class_list":["post-12005","post","type-post","status-publish","format-standard","hentry","category-general","category-portada"],"post_mailing_queue_ids":[],"_links":{"self":[{"href":"https:\/\/projectes.xtec.cat\/integrafp\/wp-json\/wp\/v2\/posts\/12005","targetHints":{"allow":["GET"]}}],"collection":[{"href":"https:\/\/projectes.xtec.cat\/integrafp\/wp-json\/wp\/v2\/posts"}],"about":[{"href":"https:\/\/projectes.xtec.cat\/integrafp\/wp-json\/wp\/v2\/types\/post"}],"author":[{"embeddable":true,"href":"https:\/\/projectes.xtec.cat\/integrafp\/wp-json\/wp\/v2\/users\/167"}],"replies":[{"embeddable":true,"href":"https:\/\/projectes.xtec.cat\/integrafp\/wp-json\/wp\/v2\/comments?post=12005"}],"version-history":[{"count":2,"href":"https:\/\/projectes.xtec.cat\/integrafp\/wp-json\/wp\/v2\/posts\/12005\/revisions"}],"predecessor-version":[{"id":12012,"href":"https:\/\/projectes.xtec.cat\/integrafp\/wp-json\/wp\/v2\/posts\/12005\/revisions\/12012"}],"wp:attachment":[{"href":"https:\/\/projectes.xtec.cat\/integrafp\/wp-json\/wp\/v2\/media?parent=12005"}],"wp:term":[{"taxonomy":"category","embeddable":true,"href":"https:\/\/projectes.xtec.cat\/integrafp\/wp-json\/wp\/v2\/categories?post=12005"},{"taxonomy":"post_tag","embeddable":true,"href":"https:\/\/projectes.xtec.cat\/integrafp\/wp-json\/wp\/v2\/tags?post=12005"}],"curies":[{"name":"wp","href":"https:\/\/api.w.org\/{rel}","templated":true}]}}