{"id":12013,"date":"2025-02-18T14:43:03","date_gmt":"2025-02-18T13:43:03","guid":{"rendered":"https:\/\/projectes.xtec.cat\/integrafp\/?p=12013"},"modified":"2025-02-18T14:43:03","modified_gmt":"2025-02-18T13:43:03","slug":"fabricacio-mecanica-institut-de-vic","status":"publish","type":"post","link":"https:\/\/projectes.xtec.cat\/integrafp\/general\/fabricacio-mecanica-institut-de-vic\/","title":{"rendered":"Fabricaci\u00f3 mec\u00e0nica. Institut de Vic"},"content":{"rendered":"<p><strong>Mecanitzaci\u00f3 per arrencament de ferritja. Un futur amb futur!!!<\/strong><\/p>\n<p>Ens complau anunciar que, un any m\u00e9s, l\u2019Institut de Vic ofereix el certificat de professionalitat en Mecanitzaci\u00f3 per arrencament de ferritja FMEH0109. Aquest programa est\u00e0 dissenyat per formar operaris de mecanitzaci\u00f3 altament qualificats i motivats.<\/p>\n<p>Els nostres alumnes, m\u00e9s entusiastes que mai, ja han comen\u00e7at les seves pr\u00e0ctiques amb torn i fresadora convencional. Com es pot observar a la imatge, estan totalment concentrats en aprendre i aconseguir els millors resultats possibles. La seva dedicaci\u00f3 i comprom\u00eds s\u00f3n evidents, i estem segurs que aquesta formaci\u00f3 els proporcionar\u00e0 les habilitats necess\u00e0ries per excel\u00b7lir en el camp de la mecanitzaci\u00f3.<\/p>\n<p>A l\u2019Institut de Vic, ens enorgullim de proporcionar una educaci\u00f3 de qualitat que prepara els nostres estudiants per a un futur brillant en la ind\u00fastria. Si est\u00e0s interessat en obtenir m\u00e9s informaci\u00f3 sobre el nostre programa de mecanitzaci\u00f3 o vols inscriure&#8217;t, no dubtis a posar-te en contacte amb nosaltres.<\/p>\n<p>Gr\u00e0cies per la vostra atenci\u00f3 i esperem veure-us aviat a les nostres instal\u00b7lacions.<\/p>\n<p><a href=\"https:\/\/projectes.xtec.cat\/integrafp\/wp-content\/uploads\/usu2419\/2025\/01\/SOC_2025.jpg\"><img loading=\"lazy\" decoding=\"async\" class=\"alignnone size-large wp-image-12014\" src=\"https:\/\/projectes.xtec.cat\/integrafp\/wp-content\/uploads\/usu2419\/2025\/01\/SOC_2025-1024x768.jpg\" alt=\"\" width=\"1024\" height=\"768\" srcset=\"https:\/\/projectes.xtec.cat\/integrafp\/wp-content\/uploads\/usu2419\/2025\/01\/SOC_2025-1024x768.jpg 1024w, https:\/\/projectes.xtec.cat\/integrafp\/wp-content\/uploads\/usu2419\/2025\/01\/SOC_2025-300x225.jpg 300w, https:\/\/projectes.xtec.cat\/integrafp\/wp-content\/uploads\/usu2419\/2025\/01\/SOC_2025-768x576.jpg 768w, https:\/\/projectes.xtec.cat\/integrafp\/wp-content\/uploads\/usu2419\/2025\/01\/SOC_2025-1536x1152.jpg 1536w, https:\/\/projectes.xtec.cat\/integrafp\/wp-content\/uploads\/usu2419\/2025\/01\/SOC_2025-200x150.jpg 200w, https:\/\/projectes.xtec.cat\/integrafp\/wp-content\/uploads\/usu2419\/2025\/01\/SOC_2025.jpg 2016w\" sizes=\"auto, (max-width: 1024px) 100vw, 1024px\" \/><\/a><\/p>\n","protected":false},"excerpt":{"rendered":"<p>Mecanitzaci\u00f3 per arrencament de ferritja. Un futur amb futur!!!<br \/>\nEns complau anunciar que, un any m\u00e9s, l\u2019Institut de Vic ofereix el certificat de professionalitat en Mecanitzaci\u00f3 per arrencament de ferritja FMEH0109. Aquest programa est\u00e0 dissenyat per formar operaris de mecanitzaci\u00f3 altament qualificats i motivats.<br \/>\nEls nostres alumnes,&hellip;  <a href=\"https:\/\/projectes.xtec.cat\/integrafp\/general\/fabricacio-mecanica-institut-de-vic\/\" title=\"Read Fabricaci\u00f3 mec\u00e0nica. Institut de Vic\">Llegeix m\u00e9s\u00bb<\/a><\/p>\n","protected":false},"author":31,"featured_media":0,"comment_status":"open","ping_status":"closed","sticky":false,"template":"","format":"standard","meta":{"_bbp_topic_count":0,"_bbp_reply_count":0,"_bbp_total_topic_count":0,"_bbp_total_reply_count":0,"_bbp_voice_count":0,"_bbp_anonymous_reply_count":0,"_bbp_topic_count_hidden":0,"_bbp_reply_count_hidden":0,"_bbp_forum_subforum_count":0,"footnotes":""},"categories":[64,1,29],"tags":[],"class_list":["post-12013","post","type-post","status-publish","format-standard","hentry","category-comunitat","category-general","category-portada"],"post_mailing_queue_ids":[],"_links":{"self":[{"href":"https:\/\/projectes.xtec.cat\/integrafp\/wp-json\/wp\/v2\/posts\/12013","targetHints":{"allow":["GET"]}}],"collection":[{"href":"https:\/\/projectes.xtec.cat\/integrafp\/wp-json\/wp\/v2\/posts"}],"about":[{"href":"https:\/\/projectes.xtec.cat\/integrafp\/wp-json\/wp\/v2\/types\/post"}],"author":[{"embeddable":true,"href":"https:\/\/projectes.xtec.cat\/integrafp\/wp-json\/wp\/v2\/users\/31"}],"replies":[{"embeddable":true,"href":"https:\/\/projectes.xtec.cat\/integrafp\/wp-json\/wp\/v2\/comments?post=12013"}],"version-history":[{"count":2,"href":"https:\/\/projectes.xtec.cat\/integrafp\/wp-json\/wp\/v2\/posts\/12013\/revisions"}],"predecessor-version":[{"id":12016,"href":"https:\/\/projectes.xtec.cat\/integrafp\/wp-json\/wp\/v2\/posts\/12013\/revisions\/12016"}],"wp:attachment":[{"href":"https:\/\/projectes.xtec.cat\/integrafp\/wp-json\/wp\/v2\/media?parent=12013"}],"wp:term":[{"taxonomy":"category","embeddable":true,"href":"https:\/\/projectes.xtec.cat\/integrafp\/wp-json\/wp\/v2\/categories?post=12013"},{"taxonomy":"post_tag","embeddable":true,"href":"https:\/\/projectes.xtec.cat\/integrafp\/wp-json\/wp\/v2\/tags?post=12013"}],"curies":[{"name":"wp","href":"https:\/\/api.w.org\/{rel}","templated":true}]}}