{"id":12024,"date":"2025-03-11T08:58:39","date_gmt":"2025-03-11T07:58:39","guid":{"rendered":"https:\/\/projectes.xtec.cat\/integrafp\/?p=12024"},"modified":"2025-03-11T08:58:39","modified_gmt":"2025-03-11T07:58:39","slug":"linstitut-de-palamos-implementa-bones-practiques-entre-lalumnat-dels-seus-cicles-formatius-i-lalumnat-dels-certificats-de-professionalitat-datencio-a-persones-depen","status":"publish","type":"post","link":"https:\/\/projectes.xtec.cat\/integrafp\/general\/linstitut-de-palamos-implementa-bones-practiques-entre-lalumnat-dels-seus-cicles-formatius-i-lalumnat-dels-certificats-de-professionalitat-datencio-a-persones-depen\/","title":{"rendered":"L\u2019Institut de Palam\u00f3s implementa bones pr\u00e0ctiques entre l\u2019alumnat dels seus cicles formatius i l\u2019alumnat dels Certificats de Professionalitat d\u2019Atenci\u00f3 a persones dependents en institucions (SSCS0208) i el d\u2019Atenci\u00f3 a persones en domicili (SSCS0108)"},"content":{"rendered":"<p><span style=\"font-weight: 400;\">L\u2019alumnat de grau mitj\u00e0 va preparar una presentaci\u00f3 per explicar el procediment d\u2019RCP a l\u2019alumnat dels Certificats de Professionalitat.\u00a0<\/span><\/p>\n<p><span style=\"font-weight: 400;\">Les sessions es van realitzar al taller de sanit\u00e0ria on van poder disposar de ninots per fer simulacions, emb\u00fas&#8230;, i tot el material necessari per a l&#8217;execuci\u00f3 de la part pr\u00e0ctica.<\/span><\/p>\n<p><span style=\"font-weight: 400;\">Es plantej\u00e0 una coavaluaci\u00f3 entre els alumnes participants.\u00a0<\/span><\/p>\n<p><span style=\"font-weight: 400;\">A trav\u00e9s de r\u00fabriques, l\u2019alumnat del CFGM\u00a0 va avaluar als participants del CP la realitzaci\u00f3 de la pr\u00e0ctica i, aquests darrers van valorar les explicacions i ajuda rebuda de l\u2019alumnat del grau mitj\u00e0.<\/span><\/p>\n<p>&nbsp;<\/p>\n<p>&nbsp;<\/p>\n<p><!--a=1--><\/p>\n<p><!--a=1--><\/p>\n","protected":false},"excerpt":{"rendered":"<p>L\u2019alumnat de grau mitj\u00e0 va preparar una presentaci\u00f3 per explicar el procediment d\u2019RCP a l\u2019alumnat dels Certificats de Professionalitat.\u00a0<br \/>\nLes sessions es van realitzar al taller de sanit\u00e0ria on van poder disposar de ninots per fer simulacions, emb\u00fas&#8230;, i tot el material necessari per a l&#8217;execuci\u00f3&hellip;  <a href=\"https:\/\/projectes.xtec.cat\/integrafp\/general\/linstitut-de-palamos-implementa-bones-practiques-entre-lalumnat-dels-seus-cicles-formatius-i-lalumnat-dels-certificats-de-professionalitat-datencio-a-persones-depen\/\" title=\"Read L\u2019Institut de Palam\u00f3s implementa bones pr\u00e0ctiques entre l\u2019alumnat dels seus cicles formatius i l\u2019alumnat dels Certificats de Professionalitat d\u2019Atenci\u00f3 a persones dependents en institucions (SSCS0208) i el d\u2019Atenci\u00f3 a persones en domicili (SSCS0108)\">Llegeix m\u00e9s\u00bb<\/a><\/p>\n","protected":false},"author":91,"featured_media":12025,"comment_status":"open","ping_status":"closed","sticky":false,"template":"","format":"standard","meta":{"_bbp_topic_count":0,"_bbp_reply_count":0,"_bbp_total_topic_count":0,"_bbp_total_reply_count":0,"_bbp_voice_count":0,"_bbp_anonymous_reply_count":0,"_bbp_topic_count_hidden":0,"_bbp_reply_count_hidden":0,"_bbp_forum_subforum_count":0,"footnotes":""},"categories":[1,29],"tags":[336,359,360],"class_list":["post-12024","post","type-post","status-publish","format-standard","has-post-thumbnail","hentry","category-general","category-portada","tag-certificats-de-professionalitat","tag-cp-sscs0208","tag-cpsscs0108"],"post_mailing_queue_ids":[],"_links":{"self":[{"href":"https:\/\/projectes.xtec.cat\/integrafp\/wp-json\/wp\/v2\/posts\/12024","targetHints":{"allow":["GET"]}}],"collection":[{"href":"https:\/\/projectes.xtec.cat\/integrafp\/wp-json\/wp\/v2\/posts"}],"about":[{"href":"https:\/\/projectes.xtec.cat\/integrafp\/wp-json\/wp\/v2\/types\/post"}],"author":[{"embeddable":true,"href":"https:\/\/projectes.xtec.cat\/integrafp\/wp-json\/wp\/v2\/users\/91"}],"replies":[{"embeddable":true,"href":"https:\/\/projectes.xtec.cat\/integrafp\/wp-json\/wp\/v2\/comments?post=12024"}],"version-history":[{"count":3,"href":"https:\/\/projectes.xtec.cat\/integrafp\/wp-json\/wp\/v2\/posts\/12024\/revisions"}],"predecessor-version":[{"id":12028,"href":"https:\/\/projectes.xtec.cat\/integrafp\/wp-json\/wp\/v2\/posts\/12024\/revisions\/12028"}],"wp:featuredmedia":[{"embeddable":true,"href":"https:\/\/projectes.xtec.cat\/integrafp\/wp-json\/wp\/v2\/media\/12025"}],"wp:attachment":[{"href":"https:\/\/projectes.xtec.cat\/integrafp\/wp-json\/wp\/v2\/media?parent=12024"}],"wp:term":[{"taxonomy":"category","embeddable":true,"href":"https:\/\/projectes.xtec.cat\/integrafp\/wp-json\/wp\/v2\/categories?post=12024"},{"taxonomy":"post_tag","embeddable":true,"href":"https:\/\/projectes.xtec.cat\/integrafp\/wp-json\/wp\/v2\/tags?post=12024"}],"curies":[{"name":"wp","href":"https:\/\/api.w.org\/{rel}","templated":true}]}}