{"id":12129,"date":"2025-05-07T12:40:02","date_gmt":"2025-05-07T10:40:02","guid":{"rendered":"https:\/\/projectes.xtec.cat\/integrafp\/?p=12129"},"modified":"2025-05-07T12:40:02","modified_gmt":"2025-05-07T10:40:02","slug":"linstitut-de-lebre-va-iniciar-la-segona-edicio-del-certificat-de-professionalitat-en-atencio-sanitaria-a-multiples-victimes-i-catastrofes","status":"publish","type":"post","link":"https:\/\/projectes.xtec.cat\/integrafp\/general\/linstitut-de-lebre-va-iniciar-la-segona-edicio-del-certificat-de-professionalitat-en-atencio-sanitaria-a-multiples-victimes-i-catastrofes\/","title":{"rendered":"L\u2019Institut de l&#8217;Ebre va iniciar la segona edici\u00f3 del certificat de professionalitat en Atenci\u00f3 sanit\u00e0ria a m\u00faltiples v\u00edctimes i cat\u00e0strofes"},"content":{"rendered":"<p>El passat mes de gener de 2025, l\u2019Institut de l\u2019Ebre va iniciar la segona edici\u00f3 del certificat de professionalitat SANT0108 Atenci\u00f3 sanit\u00e0ria a m\u00faltiples v\u00edctimes i cat\u00e0strofes, una formaci\u00f3 impulsada pel Servei P\u00fablic d\u2019Ocupaci\u00f3 de Catalunya i adre\u00e7ada a preparar professionals per actuar amb efic\u00e0cia en situacions d\u2019emerg\u00e8ncia col\u00b7lectiva.<\/p>\n<p>Aquesta edici\u00f3 compta amb 500 hores de formaci\u00f3, de les quals 380 hores s\u00f3n de formaci\u00f3 te\u00f2rica i pr\u00e0ctica al centre, i 120 hores corresponen a pr\u00e0ctiques professionals no laborals, que s\u2019iniciaran pr\u00f2ximament en entitats del sector. Es preveu que la formaci\u00f3 t\u00e8cnica finalitzi a inici del mes de maig.<\/p>\n<p><a href=\"https:\/\/projectes.xtec.cat\/integrafp\/wp-content\/uploads\/usu2419\/2025\/04\/CP_SANT0108_20242025.jpg\"><img loading=\"lazy\" decoding=\"async\" class=\"wp-image-12130 aligncenter\" src=\"https:\/\/projectes.xtec.cat\/integrafp\/wp-content\/uploads\/usu2419\/2025\/04\/CP_SANT0108_20242025-1024x1024.jpg\" alt=\"\" width=\"507\" height=\"507\" srcset=\"https:\/\/projectes.xtec.cat\/integrafp\/wp-content\/uploads\/usu2419\/2025\/04\/CP_SANT0108_20242025-1024x1024.jpg 1024w, https:\/\/projectes.xtec.cat\/integrafp\/wp-content\/uploads\/usu2419\/2025\/04\/CP_SANT0108_20242025-300x300.jpg 300w, https:\/\/projectes.xtec.cat\/integrafp\/wp-content\/uploads\/usu2419\/2025\/04\/CP_SANT0108_20242025-150x150.jpg 150w, https:\/\/projectes.xtec.cat\/integrafp\/wp-content\/uploads\/usu2419\/2025\/04\/CP_SANT0108_20242025-768x768.jpg 768w, https:\/\/projectes.xtec.cat\/integrafp\/wp-content\/uploads\/usu2419\/2025\/04\/CP_SANT0108_20242025.jpg 1080w\" sizes=\"auto, (max-width: 507px) 100vw, 507px\" \/><\/a><\/p>\n<p>Al llarg del curs, l\u2019alumnat treballa compet\u00e8ncies com la log\u00edstica sanit\u00e0ria, l\u2019atenci\u00f3 inicial i avan\u00e7ada a m\u00faltiples v\u00edctimes, i el suport psicol\u00f2gic en situacions de crisi, estructurades en quatre m\u00f2duls formatius. El programa capacita per a diverses sortides professionals com t\u00e8cnic\/a en emerg\u00e8ncies, col\u00b7laborador\/a en dispositius de protecci\u00f3 civil i assistent sanitari en situacions de cat\u00e0strofe.<\/p>\n<p>La formaci\u00f3 \u00e9s impartida per professorat especialitzat del Departament d\u2019Educaci\u00f3, i suposa una aposta clara del centre per l\u2019especialitzaci\u00f3 i la preparaci\u00f3 de professionals al servei de la comunitat.<\/p>\n<p>&nbsp;<\/p>\n","protected":false},"excerpt":{"rendered":"<p>El passat mes de gener de 2025, l\u2019Institut de l\u2019Ebre va iniciar la segona edici\u00f3 del certificat de professionalitat SANT0108 Atenci\u00f3 sanit\u00e0ria a m\u00faltiples v\u00edctimes i cat\u00e0strofes, una formaci\u00f3 impulsada pel Servei P\u00fablic d\u2019Ocupaci\u00f3 de Catalunya i adre\u00e7ada a preparar professionals per actuar amb efic\u00e0cia&hellip;  <a href=\"https:\/\/projectes.xtec.cat\/integrafp\/general\/linstitut-de-lebre-va-iniciar-la-segona-edicio-del-certificat-de-professionalitat-en-atencio-sanitaria-a-multiples-victimes-i-catastrofes\/\" title=\"Read L\u2019Institut de l&#8217;Ebre va iniciar la segona edici\u00f3 del certificat de professionalitat en Atenci\u00f3 sanit\u00e0ria a m\u00faltiples v\u00edctimes i cat\u00e0strofes\">Llegeix m\u00e9s\u00bb<\/a><\/p>\n","protected":false},"author":49,"featured_media":0,"comment_status":"open","ping_status":"closed","sticky":false,"template":"","format":"standard","meta":{"_bbp_topic_count":0,"_bbp_reply_count":0,"_bbp_total_topic_count":0,"_bbp_total_reply_count":0,"_bbp_voice_count":0,"_bbp_anonymous_reply_count":0,"_bbp_topic_count_hidden":0,"_bbp_reply_count_hidden":0,"_bbp_forum_subforum_count":0,"footnotes":""},"categories":[154,1],"tags":[],"class_list":["post-12129","post","type-post","status-publish","format-standard","hentry","category-formacio","category-general"],"post_mailing_queue_ids":[],"_links":{"self":[{"href":"https:\/\/projectes.xtec.cat\/integrafp\/wp-json\/wp\/v2\/posts\/12129","targetHints":{"allow":["GET"]}}],"collection":[{"href":"https:\/\/projectes.xtec.cat\/integrafp\/wp-json\/wp\/v2\/posts"}],"about":[{"href":"https:\/\/projectes.xtec.cat\/integrafp\/wp-json\/wp\/v2\/types\/post"}],"author":[{"embeddable":true,"href":"https:\/\/projectes.xtec.cat\/integrafp\/wp-json\/wp\/v2\/users\/49"}],"replies":[{"embeddable":true,"href":"https:\/\/projectes.xtec.cat\/integrafp\/wp-json\/wp\/v2\/comments?post=12129"}],"version-history":[{"count":2,"href":"https:\/\/projectes.xtec.cat\/integrafp\/wp-json\/wp\/v2\/posts\/12129\/revisions"}],"predecessor-version":[{"id":12132,"href":"https:\/\/projectes.xtec.cat\/integrafp\/wp-json\/wp\/v2\/posts\/12129\/revisions\/12132"}],"wp:attachment":[{"href":"https:\/\/projectes.xtec.cat\/integrafp\/wp-json\/wp\/v2\/media?parent=12129"}],"wp:term":[{"taxonomy":"category","embeddable":true,"href":"https:\/\/projectes.xtec.cat\/integrafp\/wp-json\/wp\/v2\/categories?post=12129"},{"taxonomy":"post_tag","embeddable":true,"href":"https:\/\/projectes.xtec.cat\/integrafp\/wp-json\/wp\/v2\/tags?post=12129"}],"curies":[{"name":"wp","href":"https:\/\/api.w.org\/{rel}","templated":true}]}}