{"id":12165,"date":"2025-10-20T13:53:32","date_gmt":"2025-10-20T11:53:32","guid":{"rendered":"https:\/\/projectes.xtec.cat\/integrafp\/?p=12165"},"modified":"2025-10-20T13:53:32","modified_gmt":"2025-10-20T11:53:32","slug":"un-curs-mes-linstitut-vallvera-de-salt-realitza-el-certificat-professional-datencio-sociosanitaria-a-persones-dependents-en-institucions-socials","status":"publish","type":"post","link":"https:\/\/projectes.xtec.cat\/integrafp\/general\/un-curs-mes-linstitut-vallvera-de-salt-realitza-el-certificat-professional-datencio-sociosanitaria-a-persones-dependents-en-institucions-socials\/","title":{"rendered":"Un curs m\u00e9s l&#8217;Institut Vallvera de Salt realitza el Certificat professional d&#8217;Atenci\u00f3 Sociosanit\u00e0ria a persones dependents en institucions socials"},"content":{"rendered":"<p><span style=\"font-weight: 400;\">Els certificats professionals s\u00f3n una oferta formativa disponible al llarg de l&#8217;any que permeten obtenir els coneixements, les habilitats i les aptituds per desenvolupar una activitat professional d\u2019acord amb les exig\u00e8ncies del mercat de treball actual. S\u00f3n una titulaci\u00f3 oficial que inclou un per\u00edode de formaci\u00f3 a l\u2019empresa que permet con\u00e8ixer nou talent i per tant, contractar persones qualificades.<\/span><\/p>\n<p><span style=\"font-weight: 400;\"><a href=\"https:\/\/projectes.xtec.cat\/integrafp\/wp-content\/uploads\/usu2419\/2025\/10\/CURS-25_26-CP-INSTITUCIONS-1.png\"><img loading=\"lazy\" decoding=\"async\" class=\"wp-image-12166 aligncenter\" src=\"https:\/\/projectes.xtec.cat\/integrafp\/wp-content\/uploads\/usu2419\/2025\/10\/CURS-25_26-CP-INSTITUCIONS-1-724x1024.png\" alt=\"\" width=\"240\" height=\"340\" srcset=\"https:\/\/projectes.xtec.cat\/integrafp\/wp-content\/uploads\/usu2419\/2025\/10\/CURS-25_26-CP-INSTITUCIONS-1-724x1024.png 724w, https:\/\/projectes.xtec.cat\/integrafp\/wp-content\/uploads\/usu2419\/2025\/10\/CURS-25_26-CP-INSTITUCIONS-1-212x300.png 212w, https:\/\/projectes.xtec.cat\/integrafp\/wp-content\/uploads\/usu2419\/2025\/10\/CURS-25_26-CP-INSTITUCIONS-1-768x1086.png 768w, https:\/\/projectes.xtec.cat\/integrafp\/wp-content\/uploads\/usu2419\/2025\/10\/CURS-25_26-CP-INSTITUCIONS-1-1086x1536.png 1086w, https:\/\/projectes.xtec.cat\/integrafp\/wp-content\/uploads\/usu2419\/2025\/10\/CURS-25_26-CP-INSTITUCIONS-1-1448x2048.png 1448w, https:\/\/projectes.xtec.cat\/integrafp\/wp-content\/uploads\/usu2419\/2025\/10\/CURS-25_26-CP-INSTITUCIONS-1.png 1587w\" sizes=\"auto, (max-width: 240px) 100vw, 240px\" \/><\/a><\/span><\/p>\n<p><span style=\"font-weight: 400;\">Durant el <\/span><b>curs 2025-26<\/b><span style=\"font-weight: 400;\"> tenim la seg\u00fcent oferta per a obtenir un Certificat Professional:<\/span><\/p>\n<p><b>CODI SSCS0208 &#8211; ATENCI\u00d3 SOCIOSANIT\u00c0RIA A PERSONES DEPENDENTS EN INSTITUCIONS SOCIALS<\/b><\/p>\n<ul>\n<li><b>TIPUS DE FORMACI\u00d3: Formaci\u00f3 ocupacional<\/b><\/li>\n<\/ul>\n<ul>\n<li><b>MODALITAT: Presencial tardes de dilluns a divendres<\/b><\/li>\n<\/ul>\n<ul>\n<li><b>HORES: 410H + 80H PR\u00c0CTIQUES<\/b><\/li>\n<\/ul>\n<ul>\n<li><b>DATA INICI I FINAL: 03\/11\/2025 &#8211; 27\/03\/2026<\/b><\/li>\n<\/ul>\n<ul>\n<li><b>NIVELL 2\u00a0<\/b><\/li>\n<\/ul>\n<ul>\n<li style=\"font-weight: 400;\"><b>Vies d\u2019acc\u00e9s als certificats<\/b> <b>de Nivell 2<\/b><span style=\"font-weight: 400;\">. Estar en possessi\u00f3 de:<\/span><\/li>\n<\/ul>\n<ul>\n<li style=\"font-weight: 400;\"><span style=\"font-weight: 400;\">T\u00edtol de graduat en educaci\u00f3 secund\u00e0ria.<\/span><\/li>\n<li style=\"font-weight: 400;\"><span style=\"font-weight: 400;\">Certificat de professionalitat de nivell 2.<\/span><\/li>\n<li style=\"font-weight: 400;\"><span style=\"font-weight: 400;\">Certificat de professionalitat de nivell 1 de la mateixa fam\u00edlia i \u00e0rea professional que el certificat al qual vols accedir.<\/span><\/li>\n<li style=\"font-weight: 400;\"><span style=\"font-weight: 400;\">Complir el requisit acad\u00e8mic d\u2019acc\u00e9s als cicles formatius de grau mitj\u00e0 o b\u00e9 haver superat les proves d\u2019acc\u00e9s corresponents regulades per les administracions educatives.<\/span><\/li>\n<li style=\"font-weight: 400;\"><span style=\"font-weight: 400;\">Haver superat la prova d\u2019acc\u00e9s a la universitat per a m\u00e9s grans de 25 anys i\/o de 45 anys.<\/span><\/li>\n<li style=\"font-weight: 400;\"><b>Si no disposeu de cap de les titulacions anteriors caldr\u00e0 superar, amb qualificaci\u00f3 d\u2019APTA\/E les proves d\u2019avaluaci\u00f3 de les compet\u00e8ncies claus de nivell 2 convocades pel mateix institut.<\/b><\/li>\n<\/ul>\n<ul>\n<li><b>DE QU\u00c8 PODR\u00c0S TREBALLAR:\u00a0<\/b><\/li>\n<\/ul>\n<ul>\n<li style=\"font-weight: 400;\"><span style=\"font-weight: 400;\">Cuidador\/a de minusv\u00e0lids f\u00edsics, ps\u00edquics i sensorials.<\/span><\/li>\n<li style=\"font-weight: 400;\"><span style=\"font-weight: 400;\">Cuidador\/a de persones dependents en institucions.<\/span><\/li>\n<li style=\"font-weight: 400;\"><span style=\"font-weight: 400;\">Gericultor\/a.<\/span><\/li>\n<\/ul>\n<p><span style=\"font-weight: 400;\">Si necessites m\u00e9s <\/span><b>informaci\u00f3<\/b><span style=\"font-weight: 400;\">:<\/span><\/p>\n<p><b>INS VALLVERA<\/b><\/p>\n<p><b>972 231919<\/b><\/p>\n<p><a href=\"mailto:cp@iesvallvera.cat\"><span style=\"font-weight: 400;\">cp@iesvallvera.cat<\/span><\/a><\/p>\n<p>&nbsp;<\/p>\n","protected":false},"excerpt":{"rendered":"<p>Els certificats professionals s\u00f3n una oferta formativa disponible al llarg de l&#8217;any que permeten obtenir els coneixements, les habilitats i les aptituds per desenvolupar una activitat professional d\u2019acord amb les exig\u00e8ncies del mercat de treball actual. S\u00f3n una titulaci\u00f3 oficial que inclou un per\u00edode de&hellip;  <a href=\"https:\/\/projectes.xtec.cat\/integrafp\/general\/un-curs-mes-linstitut-vallvera-de-salt-realitza-el-certificat-professional-datencio-sociosanitaria-a-persones-dependents-en-institucions-socials\/\" title=\"Read Un curs m\u00e9s l&#8217;Institut Vallvera de Salt realitza el Certificat professional d&#8217;Atenci\u00f3 Sociosanit\u00e0ria a persones dependents en institucions socials\">Llegeix m\u00e9s\u00bb<\/a><\/p>\n","protected":false},"author":154,"featured_media":0,"comment_status":"open","ping_status":"open","sticky":false,"template":"","format":"standard","meta":{"_bbp_topic_count":0,"_bbp_reply_count":0,"_bbp_total_topic_count":0,"_bbp_total_reply_count":0,"_bbp_voice_count":0,"_bbp_anonymous_reply_count":0,"_bbp_topic_count_hidden":0,"_bbp_reply_count_hidden":0,"_bbp_forum_subforum_count":0,"footnotes":""},"categories":[1,29],"tags":[],"class_list":["post-12165","post","type-post","status-publish","format-standard","hentry","category-general","category-portada"],"post_mailing_queue_ids":[],"_links":{"self":[{"href":"https:\/\/projectes.xtec.cat\/integrafp\/wp-json\/wp\/v2\/posts\/12165","targetHints":{"allow":["GET"]}}],"collection":[{"href":"https:\/\/projectes.xtec.cat\/integrafp\/wp-json\/wp\/v2\/posts"}],"about":[{"href":"https:\/\/projectes.xtec.cat\/integrafp\/wp-json\/wp\/v2\/types\/post"}],"author":[{"embeddable":true,"href":"https:\/\/projectes.xtec.cat\/integrafp\/wp-json\/wp\/v2\/users\/154"}],"replies":[{"embeddable":true,"href":"https:\/\/projectes.xtec.cat\/integrafp\/wp-json\/wp\/v2\/comments?post=12165"}],"version-history":[{"count":3,"href":"https:\/\/projectes.xtec.cat\/integrafp\/wp-json\/wp\/v2\/posts\/12165\/revisions"}],"predecessor-version":[{"id":12172,"href":"https:\/\/projectes.xtec.cat\/integrafp\/wp-json\/wp\/v2\/posts\/12165\/revisions\/12172"}],"wp:attachment":[{"href":"https:\/\/projectes.xtec.cat\/integrafp\/wp-json\/wp\/v2\/media?parent=12165"}],"wp:term":[{"taxonomy":"category","embeddable":true,"href":"https:\/\/projectes.xtec.cat\/integrafp\/wp-json\/wp\/v2\/categories?post=12165"},{"taxonomy":"post_tag","embeddable":true,"href":"https:\/\/projectes.xtec.cat\/integrafp\/wp-json\/wp\/v2\/tags?post=12165"}],"curies":[{"name":"wp","href":"https:\/\/api.w.org\/{rel}","templated":true}]}}