{"id":12189,"date":"2025-11-25T12:08:02","date_gmt":"2025-11-25T11:08:02","guid":{"rendered":"https:\/\/projectes.xtec.cat\/integrafp\/?p=12189"},"modified":"2025-11-25T12:08:02","modified_gmt":"2025-11-25T11:08:02","slug":"cp-acnee-ins-alexandre-gali","status":"publish","type":"post","link":"https:\/\/projectes.xtec.cat\/integrafp\/portada\/cp-acnee-ins-alexandre-gali\/","title":{"rendered":"CP ACNEE &#8211; INS Alexandre Gal\u00ed"},"content":{"rendered":"<p><b>L\u2019INS Alexandre Gal\u00ed presenta un nou Certificat Professional en Atenci\u00f3 a l\u2019Alumnat amb Necessitats Educatives Especials (ACNEE)<\/b><\/p>\n<p><a href=\"https:\/\/projectes.xtec.cat\/integrafp\/wp-content\/uploads\/usu2419\/2025\/11\/Cartell_CPACNEE_2025-2026-1.png\"><img loading=\"lazy\" decoding=\"async\" class=\"alignleft wp-image-12190\" src=\"https:\/\/projectes.xtec.cat\/integrafp\/wp-content\/uploads\/usu2419\/2025\/11\/Cartell_CPACNEE_2025-2026-1-724x1024.png\" alt=\"\" width=\"240\" height=\"340\" srcset=\"https:\/\/projectes.xtec.cat\/integrafp\/wp-content\/uploads\/usu2419\/2025\/11\/Cartell_CPACNEE_2025-2026-1-724x1024.png 724w, https:\/\/projectes.xtec.cat\/integrafp\/wp-content\/uploads\/usu2419\/2025\/11\/Cartell_CPACNEE_2025-2026-1-212x300.png 212w, https:\/\/projectes.xtec.cat\/integrafp\/wp-content\/uploads\/usu2419\/2025\/11\/Cartell_CPACNEE_2025-2026-1-768x1086.png 768w, https:\/\/projectes.xtec.cat\/integrafp\/wp-content\/uploads\/usu2419\/2025\/11\/Cartell_CPACNEE_2025-2026-1-1086x1536.png 1086w, https:\/\/projectes.xtec.cat\/integrafp\/wp-content\/uploads\/usu2419\/2025\/11\/Cartell_CPACNEE_2025-2026-1.png 1414w\" sizes=\"auto, (max-width: 240px) 100vw, 240px\" \/><\/a><span style=\"font-weight: 400;\">L\u2019INS <\/span><b>Alexandre Gal\u00ed<\/b><span style=\"font-weight: 400;\"> de Sant Pere de Ribes inicia el Certificat Professional <\/span><b>\u201cAtenci\u00f3 a l\u2019Alumnat amb Necessitats Educatives Especials\u201d<\/b><span style=\"font-weight: 400;\">, una formaci\u00f3 orientada a capacitar futurs professionals en el suport educatiu inclusiu.<\/span><\/p>\n<p><span style=\"font-weight: 400;\">El Certificat Professional t\u00e9 una durada de 510 hores de formaci\u00f3 te\u00f2rica i 80 hores de pr\u00e0ctiques professionals no laborals. Es va iniciar el passat 10 de novembre i es dur\u00e0 a terme fins al 10 d\u2019abril de 2026. Al llarg d\u2019aquest per\u00edode, l\u2019alumnat adquirir\u00e0 compet\u00e8ncies per acompanyar i donar resposta a les necessitats espec\u00edfiques dels infants i joves en entorns escolars.<\/span><\/p>\n<p><span style=\"font-weight: 400;\">Amb aquesta nova proposta formativa, l\u2019INS Alexandre Gal\u00ed reafirma el seu comprom\u00eds amb la qualitat educativa i la preparaci\u00f3 de professionals especialitzats en l\u2019atenci\u00f3 a la diversitat.<\/span><\/p>\n","protected":false},"excerpt":{"rendered":"<p>L\u2019INS Alexandre Gal\u00ed presenta un nou Certificat Professional en Atenci\u00f3 a l\u2019Alumnat amb Necessitats Educatives Especials (ACNEE)<br \/>\n<a href=\"https:\/\/projectes.xtec.cat\/integrafp\/wp-content\/uploads\/usu2419\/2025\/11\/Cartell_CPACNEE_2025-2026-1.png\"><\/a>L\u2019INS Alexandre Gal\u00ed de Sant Pere de Ribes inicia el Certificat Professional \u201cAtenci\u00f3 a l\u2019Alumnat amb Necessitats Educatives Especials\u201d, una formaci\u00f3 orientada a capacitar futurs professionals en el&hellip;  <a href=\"https:\/\/projectes.xtec.cat\/integrafp\/portada\/cp-acnee-ins-alexandre-gali\/\" title=\"Read CP ACNEE &#8211; INS Alexandre Gal\u00ed\">Llegeix m\u00e9s\u00bb<\/a><\/p>\n","protected":false},"author":183,"featured_media":0,"comment_status":"open","ping_status":"open","sticky":false,"template":"","format":"standard","meta":{"_bbp_topic_count":0,"_bbp_reply_count":0,"_bbp_total_topic_count":0,"_bbp_total_reply_count":0,"_bbp_voice_count":0,"_bbp_anonymous_reply_count":0,"_bbp_topic_count_hidden":0,"_bbp_reply_count_hidden":0,"_bbp_forum_subforum_count":0,"footnotes":""},"categories":[154,29],"tags":[],"class_list":["post-12189","post","type-post","status-publish","format-standard","hentry","category-formacio","category-portada"],"post_mailing_queue_ids":[],"_links":{"self":[{"href":"https:\/\/projectes.xtec.cat\/integrafp\/wp-json\/wp\/v2\/posts\/12189","targetHints":{"allow":["GET"]}}],"collection":[{"href":"https:\/\/projectes.xtec.cat\/integrafp\/wp-json\/wp\/v2\/posts"}],"about":[{"href":"https:\/\/projectes.xtec.cat\/integrafp\/wp-json\/wp\/v2\/types\/post"}],"author":[{"embeddable":true,"href":"https:\/\/projectes.xtec.cat\/integrafp\/wp-json\/wp\/v2\/users\/183"}],"replies":[{"embeddable":true,"href":"https:\/\/projectes.xtec.cat\/integrafp\/wp-json\/wp\/v2\/comments?post=12189"}],"version-history":[{"count":3,"href":"https:\/\/projectes.xtec.cat\/integrafp\/wp-json\/wp\/v2\/posts\/12189\/revisions"}],"predecessor-version":[{"id":12193,"href":"https:\/\/projectes.xtec.cat\/integrafp\/wp-json\/wp\/v2\/posts\/12189\/revisions\/12193"}],"wp:attachment":[{"href":"https:\/\/projectes.xtec.cat\/integrafp\/wp-json\/wp\/v2\/media?parent=12189"}],"wp:term":[{"taxonomy":"category","embeddable":true,"href":"https:\/\/projectes.xtec.cat\/integrafp\/wp-json\/wp\/v2\/categories?post=12189"},{"taxonomy":"post_tag","embeddable":true,"href":"https:\/\/projectes.xtec.cat\/integrafp\/wp-json\/wp\/v2\/tags?post=12189"}],"curies":[{"name":"wp","href":"https:\/\/api.w.org\/{rel}","templated":true}]}}