{"id":12226,"date":"2026-03-03T15:30:43","date_gmt":"2026-03-03T14:30:43","guid":{"rendered":"https:\/\/projectes.xtec.cat\/integrafp\/?p=12226"},"modified":"2026-03-03T15:30:43","modified_gmt":"2026-03-03T14:30:43","slug":"linstitut-illa-dels-banyols-imparteix-dos-certificats-de-professionalitat-de-nivell-1","status":"publish","type":"post","link":"https:\/\/projectes.xtec.cat\/integrafp\/general\/linstitut-illa-dels-banyols-imparteix-dos-certificats-de-professionalitat-de-nivell-1\/","title":{"rendered":"L\u2019Institut Illa dels Banyols imparteix dos certificats de professionalitat de nivell 1"},"content":{"rendered":"<p style=\"text-align: left;\"><strong>L\u2019Institut Illa dels Banyols est\u00e0 impartint dos certificats de professionalitat <\/strong><strong>de nivell 1<\/strong>.<\/p>\n<p style=\"text-align: left;\">S\u00f3n formacions gratu\u00eftes, adre\u00e7ades a persones desocupades i per a les quals no \u00e9s necess\u00e0ria cap titulaci\u00f3 pr\u00e8via.<\/p>\n<p style=\"text-align: left;\">El centre, ofereix una nova edici\u00f3 del el certificat professional de nivell 1 \u201c<strong>Operacions Auxiliars de Manteniment en Electromec\u00e0nica de Vehicles<\/strong>\u201d, d\u2019una durada de 350 hores, incloses 40 hores de pr\u00e0ctiques en taller mec\u00e0nic.<\/p>\n<p style=\"text-align: left;\">I enguany, l\u2019institut ha ampliat l\u2019oferta a un segon certificat professional de nivell 1 el d&#8217; <strong>Operacions de Fontaneria i Calefacci\u00f3 \u2013 Climatitzaci\u00f3 dom\u00e8stica<\/strong>\u201d, d\u2019una durada de 470 hores, incloses 160 hores de pr\u00e0ctiques en empresa instal\u00b7ladora.<\/p>\n<p style=\"text-align: left;\">Cal destacar que, el curs passat, el Servei P\u00fablic d\u2019Ocupaci\u00f3 de Catalunya va homologar els espais de l\u2019institut per desenvolupar formaci\u00f3 per a persones desocupades per primera vegada.<\/p>\n<p style=\"text-align: left;\">M\u00e9s informaci\u00f3:<br \/>\nEmail: certificatsprofessionals@insilla.net<br \/>\nTel\u00e8fon: 933 70 62 11<\/p>\n","protected":false},"excerpt":{"rendered":"<p>L\u2019Institut Illa dels Banyols est\u00e0 impartint dos certificats de professionalitat de nivell 1.<br \/>\nS\u00f3n formacions gratu\u00eftes, adre\u00e7ades a persones desocupades i per a les quals no \u00e9s necess\u00e0ria cap titulaci\u00f3 pr\u00e8via.<br \/>\nEl centre, ofereix una nova edici\u00f3 del el certificat professional de nivell 1 \u201cOperacions Auxiliars de&hellip;  <a href=\"https:\/\/projectes.xtec.cat\/integrafp\/general\/linstitut-illa-dels-banyols-imparteix-dos-certificats-de-professionalitat-de-nivell-1\/\" title=\"Read L\u2019Institut Illa dels Banyols imparteix dos certificats de professionalitat de nivell 1\">Llegeix m\u00e9s\u00bb<\/a><\/p>\n","protected":false},"author":188,"featured_media":0,"comment_status":"open","ping_status":"open","sticky":false,"template":"","format":"standard","meta":{"_bbp_topic_count":0,"_bbp_reply_count":0,"_bbp_total_topic_count":0,"_bbp_total_reply_count":0,"_bbp_voice_count":0,"_bbp_anonymous_reply_count":0,"_bbp_topic_count_hidden":0,"_bbp_reply_count_hidden":0,"_bbp_forum_subforum_count":0,"footnotes":""},"categories":[1,29],"tags":[],"class_list":["post-12226","post","type-post","status-publish","format-standard","hentry","category-general","category-portada"],"post_mailing_queue_ids":[],"_links":{"self":[{"href":"https:\/\/projectes.xtec.cat\/integrafp\/wp-json\/wp\/v2\/posts\/12226","targetHints":{"allow":["GET"]}}],"collection":[{"href":"https:\/\/projectes.xtec.cat\/integrafp\/wp-json\/wp\/v2\/posts"}],"about":[{"href":"https:\/\/projectes.xtec.cat\/integrafp\/wp-json\/wp\/v2\/types\/post"}],"author":[{"embeddable":true,"href":"https:\/\/projectes.xtec.cat\/integrafp\/wp-json\/wp\/v2\/users\/188"}],"replies":[{"embeddable":true,"href":"https:\/\/projectes.xtec.cat\/integrafp\/wp-json\/wp\/v2\/comments?post=12226"}],"version-history":[{"count":2,"href":"https:\/\/projectes.xtec.cat\/integrafp\/wp-json\/wp\/v2\/posts\/12226\/revisions"}],"predecessor-version":[{"id":12242,"href":"https:\/\/projectes.xtec.cat\/integrafp\/wp-json\/wp\/v2\/posts\/12226\/revisions\/12242"}],"wp:attachment":[{"href":"https:\/\/projectes.xtec.cat\/integrafp\/wp-json\/wp\/v2\/media?parent=12226"}],"wp:term":[{"taxonomy":"category","embeddable":true,"href":"https:\/\/projectes.xtec.cat\/integrafp\/wp-json\/wp\/v2\/categories?post=12226"},{"taxonomy":"post_tag","embeddable":true,"href":"https:\/\/projectes.xtec.cat\/integrafp\/wp-json\/wp\/v2\/tags?post=12226"}],"curies":[{"name":"wp","href":"https:\/\/api.w.org\/{rel}","templated":true}]}}