{"id":12270,"date":"2026-04-21T09:08:48","date_gmt":"2026-04-21T07:08:48","guid":{"rendered":"https:\/\/projectes.xtec.cat\/integrafp\/?p=12270"},"modified":"2026-04-21T09:08:48","modified_gmt":"2026-04-21T07:08:48","slug":"ins-la-bisbal-engega-un-certificat-de-professionalitat-de-mecanitzacio-per-tall-i-conformat","status":"publish","type":"post","link":"https:\/\/projectes.xtec.cat\/integrafp\/general\/ins-la-bisbal-engega-un-certificat-de-professionalitat-de-mecanitzacio-per-tall-i-conformat\/","title":{"rendered":"INS LA BISBAL engega un certificat de professionalitat de Mecanitzaci\u00f3 per tall i conformat"},"content":{"rendered":"<p>L&#8217;Institut la Bisbal est\u00e0 impartint un m\u00f2dul de 210h de Mecanitzaci\u00f3 per tall i conformat. S&#8217;ha signat un conveni amb l&#8217;empresa Angel Mir i s&#8217;han homologat les instal\u00b7lacions de la pr\u00f2pia empresa per a desenvolupar pr\u00e0ctiques reals de mecanitzaci\u00f3.<\/p>\n<p>Els alumnes d&#8217;aquest m\u00f2dul formatiu treballen amb torns, plegadores i punxadores. Amb el comprom\u00eds<span style=\"font-family: inherit; font-size: 1em;\">\u00a0de l&#8217;empresa Angel Mir de contractar els alumnes que superin el curs amb qualificaci\u00f3 excel\u00b7lent.<\/span><\/p>\n<p>Aquesta formaci\u00f3 est\u00e0 oberta a\u00a0<strong data-start=\"1662\" data-end=\"1741\">totes les persones interessades en especialitzar-se en el sector industrial<\/strong>. \u00c9s adequada per a alumnes que no han obtingut pla\u00e7a en cicles formatius, per a professionals en actiu que volen acreditar o millorar la seva qualificaci\u00f3, i tamb\u00e9 per a aquells que volen\u00a0<strong data-start=\"1930\" data-end=\"2016\">reorientar la seva traject\u00f2ria professional o accedir per primera vegada al sector<\/strong>.<\/p>\n<p data-start=\"2021\" data-end=\"2296\">Amb aquest curs, l\u2019institut consolida una oferta\u00a0<strong data-start=\"2080\" data-end=\"2175\">pr\u00e0ctica, especialitzada i alineada amb les necessitats del teixit industrial del territori<\/strong>, refor\u00e7ant la relaci\u00f3 amb empreses i contribuint a la millora de l\u2019ocupabilitat i la continu\u00eftat formativa de l\u2019alumnat.<\/p>\n<p data-start=\"2021\" data-end=\"2296\"><a href=\"https:\/\/projectes.xtec.cat\/integrafp\/wp-content\/uploads\/usu2419\/2026\/04\/WhatsApp-Image-2026-04-06-at-16.30.28-9-1.jpeg\"><img loading=\"lazy\" decoding=\"async\" class=\"alignnone size-large wp-image-12273\" src=\"https:\/\/projectes.xtec.cat\/integrafp\/wp-content\/uploads\/usu2419\/2026\/04\/WhatsApp-Image-2026-04-06-at-16.30.28-9-1-1024x769.jpeg\" alt=\"\" width=\"1024\" height=\"769\" srcset=\"https:\/\/projectes.xtec.cat\/integrafp\/wp-content\/uploads\/usu2419\/2026\/04\/WhatsApp-Image-2026-04-06-at-16.30.28-9-1-1024x769.jpeg 1024w, https:\/\/projectes.xtec.cat\/integrafp\/wp-content\/uploads\/usu2419\/2026\/04\/WhatsApp-Image-2026-04-06-at-16.30.28-9-1-300x225.jpeg 300w, https:\/\/projectes.xtec.cat\/integrafp\/wp-content\/uploads\/usu2419\/2026\/04\/WhatsApp-Image-2026-04-06-at-16.30.28-9-1-768x576.jpeg 768w, https:\/\/projectes.xtec.cat\/integrafp\/wp-content\/uploads\/usu2419\/2026\/04\/WhatsApp-Image-2026-04-06-at-16.30.28-9-1-1536x1153.jpeg 1536w, https:\/\/projectes.xtec.cat\/integrafp\/wp-content\/uploads\/usu2419\/2026\/04\/WhatsApp-Image-2026-04-06-at-16.30.28-9-1-200x150.jpeg 200w, https:\/\/projectes.xtec.cat\/integrafp\/wp-content\/uploads\/usu2419\/2026\/04\/WhatsApp-Image-2026-04-06-at-16.30.28-9-1.jpeg 2048w\" sizes=\"auto, (max-width: 1024px) 100vw, 1024px\" \/><\/a> <a href=\"https:\/\/projectes.xtec.cat\/integrafp\/wp-content\/uploads\/usu2419\/2026\/04\/WhatsApp-Image-2026-04-06-at-16.30.28.jpeg\"><img loading=\"lazy\" decoding=\"async\" class=\"alignnone size-large wp-image-12274\" src=\"https:\/\/projectes.xtec.cat\/integrafp\/wp-content\/uploads\/usu2419\/2026\/04\/WhatsApp-Image-2026-04-06-at-16.30.28-771x1024.jpeg\" alt=\"\" width=\"771\" height=\"1024\" srcset=\"https:\/\/projectes.xtec.cat\/integrafp\/wp-content\/uploads\/usu2419\/2026\/04\/WhatsApp-Image-2026-04-06-at-16.30.28-771x1024.jpeg 771w, https:\/\/projectes.xtec.cat\/integrafp\/wp-content\/uploads\/usu2419\/2026\/04\/WhatsApp-Image-2026-04-06-at-16.30.28-226x300.jpeg 226w, https:\/\/projectes.xtec.cat\/integrafp\/wp-content\/uploads\/usu2419\/2026\/04\/WhatsApp-Image-2026-04-06-at-16.30.28-768x1021.jpeg 768w, https:\/\/projectes.xtec.cat\/integrafp\/wp-content\/uploads\/usu2419\/2026\/04\/WhatsApp-Image-2026-04-06-at-16.30.28-1156x1536.jpeg 1156w, https:\/\/projectes.xtec.cat\/integrafp\/wp-content\/uploads\/usu2419\/2026\/04\/WhatsApp-Image-2026-04-06-at-16.30.28.jpeg 1204w\" sizes=\"auto, (max-width: 771px) 100vw, 771px\" \/><\/a> <a href=\"https:\/\/projectes.xtec.cat\/integrafp\/wp-content\/uploads\/usu2419\/2026\/04\/WhatsApp-Image-2026-04-06-at-16.57.55-1.jpeg\"><img loading=\"lazy\" decoding=\"async\" class=\"alignnone size-large wp-image-12275\" src=\"https:\/\/projectes.xtec.cat\/integrafp\/wp-content\/uploads\/usu2419\/2026\/04\/WhatsApp-Image-2026-04-06-at-16.57.55-1-1024x768.jpeg\" alt=\"\" width=\"1024\" height=\"768\" srcset=\"https:\/\/projectes.xtec.cat\/integrafp\/wp-content\/uploads\/usu2419\/2026\/04\/WhatsApp-Image-2026-04-06-at-16.57.55-1-1024x768.jpeg 1024w, https:\/\/projectes.xtec.cat\/integrafp\/wp-content\/uploads\/usu2419\/2026\/04\/WhatsApp-Image-2026-04-06-at-16.57.55-1-300x225.jpeg 300w, https:\/\/projectes.xtec.cat\/integrafp\/wp-content\/uploads\/usu2419\/2026\/04\/WhatsApp-Image-2026-04-06-at-16.57.55-1-768x576.jpeg 768w, https:\/\/projectes.xtec.cat\/integrafp\/wp-content\/uploads\/usu2419\/2026\/04\/WhatsApp-Image-2026-04-06-at-16.57.55-1-1536x1152.jpeg 1536w, https:\/\/projectes.xtec.cat\/integrafp\/wp-content\/uploads\/usu2419\/2026\/04\/WhatsApp-Image-2026-04-06-at-16.57.55-1-200x150.jpeg 200w, https:\/\/projectes.xtec.cat\/integrafp\/wp-content\/uploads\/usu2419\/2026\/04\/WhatsApp-Image-2026-04-06-at-16.57.55-1.jpeg 1600w\" sizes=\"auto, (max-width: 1024px) 100vw, 1024px\" \/><\/a><\/p>\n","protected":false},"excerpt":{"rendered":"<p>L&#8217;Institut la Bisbal est\u00e0 impartint un m\u00f2dul de 210h de Mecanitzaci\u00f3 per tall i conformat. S&#8217;ha signat un conveni amb l&#8217;empresa Angel Mir i s&#8217;han homologat les instal\u00b7lacions de la pr\u00f2pia empresa per a desenvolupar pr\u00e0ctiques reals de mecanitzaci\u00f3.<br \/>\nEls alumnes d&#8217;aquest m\u00f2dul formatiu treballen amb&hellip;  <a href=\"https:\/\/projectes.xtec.cat\/integrafp\/general\/ins-la-bisbal-engega-un-certificat-de-professionalitat-de-mecanitzacio-per-tall-i-conformat\/\" title=\"Read INS LA BISBAL engega un certificat de professionalitat de Mecanitzaci\u00f3 per tall i conformat\">Llegeix m\u00e9s\u00bb<\/a><\/p>\n","protected":false},"author":29,"featured_media":0,"comment_status":"open","ping_status":"open","sticky":false,"template":"","format":"standard","meta":{"_bbp_topic_count":0,"_bbp_reply_count":0,"_bbp_total_topic_count":0,"_bbp_total_reply_count":0,"_bbp_voice_count":0,"_bbp_anonymous_reply_count":0,"_bbp_topic_count_hidden":0,"_bbp_reply_count_hidden":0,"_bbp_forum_subforum_count":0,"footnotes":""},"categories":[1,29],"tags":[],"class_list":["post-12270","post","type-post","status-publish","format-standard","hentry","category-general","category-portada"],"post_mailing_queue_ids":[],"_links":{"self":[{"href":"https:\/\/projectes.xtec.cat\/integrafp\/wp-json\/wp\/v2\/posts\/12270","targetHints":{"allow":["GET"]}}],"collection":[{"href":"https:\/\/projectes.xtec.cat\/integrafp\/wp-json\/wp\/v2\/posts"}],"about":[{"href":"https:\/\/projectes.xtec.cat\/integrafp\/wp-json\/wp\/v2\/types\/post"}],"author":[{"embeddable":true,"href":"https:\/\/projectes.xtec.cat\/integrafp\/wp-json\/wp\/v2\/users\/29"}],"replies":[{"embeddable":true,"href":"https:\/\/projectes.xtec.cat\/integrafp\/wp-json\/wp\/v2\/comments?post=12270"}],"version-history":[{"count":3,"href":"https:\/\/projectes.xtec.cat\/integrafp\/wp-json\/wp\/v2\/posts\/12270\/revisions"}],"predecessor-version":[{"id":12279,"href":"https:\/\/projectes.xtec.cat\/integrafp\/wp-json\/wp\/v2\/posts\/12270\/revisions\/12279"}],"wp:attachment":[{"href":"https:\/\/projectes.xtec.cat\/integrafp\/wp-json\/wp\/v2\/media?parent=12270"}],"wp:term":[{"taxonomy":"category","embeddable":true,"href":"https:\/\/projectes.xtec.cat\/integrafp\/wp-json\/wp\/v2\/categories?post=12270"},{"taxonomy":"post_tag","embeddable":true,"href":"https:\/\/projectes.xtec.cat\/integrafp\/wp-json\/wp\/v2\/tags?post=12270"}],"curies":[{"name":"wp","href":"https:\/\/api.w.org\/{rel}","templated":true}]}}