{"id":8250,"date":"2020-12-03T10:11:19","date_gmt":"2020-12-03T09:11:19","guid":{"rendered":"https:\/\/projectes.xtec.cat\/integrafp\/?p=8250"},"modified":"2022-06-01T09:15:25","modified_gmt":"2022-06-01T07:15:25","slug":"linstitut-cendrassos-presenta-la-prova-pilot-de-formacio-professional-i-ocupacional","status":"publish","type":"post","link":"https:\/\/projectes.xtec.cat\/integrafp\/general\/linstitut-cendrassos-presenta-la-prova-pilot-de-formacio-professional-i-ocupacional\/","title":{"rendered":"INS Cendrassos: presenta la prova pilot de Formaci\u00f3 Professional i Ocupacional"},"content":{"rendered":"<p><span class=\"autor_sup\">PAOLA GARC\u00cdA\u00a0<\/span><span class=\"fecha_hora\">20.01.2020 | 14:12<\/span><\/p>\n<p>Les persones que es beneficien de \u00abTreball i Formaci\u00f3\u00bb. <span class=\"firma_foto\">SOC<\/span><\/p>\n<ul id=\"ulCRelManager\">\n<li class=\"relacionada\"><a href=\"https:\/\/www.emporda.info\/comarca\/2019\/01\/25\/lajuntament-figueres-engega-nous-programes\/420816.html\">Figueres engega nous programes de foment de l&#8217;ocupaci\u00f3<\/a><\/li>\n<\/ul>\n<p>La\u00a0<strong>directora del Servei P\u00fablic d&#8217;Ocupaci\u00f3 de Catalunya (SOC), Merc\u00e8 Garau<\/strong>, acompanyada de l&#8217;<strong>alcaldessa de Figueres<\/strong>,<strong>\u00a0Agn\u00e8s Llad\u00f3<\/strong>, ha estat aquest mat\u00ed a\u00a0<strong>Figueres\u00a0<\/strong>per presentar els programes de foment i millora de l&#8217;ocupaci\u00f3 que hi ha en marxa actualment<\/p>\n<p>Garau ha pogut con\u00e8ixer la inversi\u00f3 que ha fet l&#8217;Ajuntament dels\u00a0<a href=\"https:\/\/www.emporda.info\/comarca\/2019\/01\/25\/lajuntament-figueres-engega-nous-programes\/420816.html\" target=\"_blank\" rel=\"noopener noreferrer\">dos milions d&#8217;euros que ha rebut del SOC<\/a>\u00a0i assegura que s&#8217;est\u00e0 traient<strong>\u00a0un profit \u00abextraordinari\u00bb<\/strong>. Per una banda, el programa<strong>\u00a0Treball als Barris<\/strong>\u00a0at\u00e9n a m\u00e9s de 200 persones per \u00abdonar les eines a la gent m\u00e9s vulnerable\u00bb perqu\u00e8 puguin formar part de la societat i tinguin oportunitats de treball, ha explicat la directora del SOC.<\/p>\n<p>Un altre dels programes que se subvenciona \u00e9s el\u00a0<strong>Treball i Formaci\u00f3<\/strong>, amb 40 persones contractades per donar oportunitats laborals i resoldre problemes de la ciutat. En aquest sentit, Garau ha pogut constatar aquest mat\u00ed la feina que estan fent aquestes persones. \u00abHem vist com dones de col\u00b7lectius molt vulnerables estan fent acci\u00f3 c\u00edvica, educativa, pedag\u00f2gica a peu de carrer, elles s\u00f3n les m\u00e9s transformadores amb les persones que estan ajudant a tenir actituds molt c\u00edviques al carrer\u00bb, ha explicat Garau qui, assegura que\u00a0<strong>els 2 MEUR \u00abestan ben invertits\u00bb a la ciutat<\/strong>.<\/p>\n<h2>Formaci\u00f3 Professional i Ocupacional<\/h2>\n<p>L&#8217;<strong>Institut Cendrassos\u00a0<\/strong>ha estat l&#8217;\u00faltim punt de la visita amb la directora del SOC per presentar oficialment el nou curs de Formaci\u00f3 Professional i Ocupacional que s&#8217;est\u00e0 duent a terme en el centre. Aquest curs, in\u00e8dit a la comarca i que es presenta com a prova pilot, ha sigut resultat d&#8217;una feina conjunta entre el\u00a0<strong>Departament de Treball i Afers Socials i el d&#8217;Educaci\u00f3<\/strong>.<\/p>\n<p>Es tracta d&#8217;una formaci\u00f3 destinada a gent aturada, \u00absense cap requisit espec\u00edfic\u00bb,\u00a0amb la qual s&#8217;obtindr\u00e0 un\u00a0<strong>certificat de professionalitat<\/strong>. \u00abD&#8217;entrada hi ha 40 alumnes, 20 dels quals estan fent la formaci\u00f3 en l&#8217;\u00e0mbit del disseny i confecci\u00f3 de p\u00e0gines web i, la resta, en comptabilitat i gesti\u00f3 administrativa\u00bb, han explicat la directora del centre educatiu i la del SOC.<\/p>\n<p>El\u00a0<strong>director dels Serveis Territorials d&#8217;Ensenyament de Girona<\/strong>,\u00a0\u00a0<strong>Mart\u00ed Fonalleras<\/strong>, qui tamb\u00e9 ha estat present a l&#8217;acte, ha volgut destacar que aquests cursos tamb\u00e9 suposen un\u00a0<strong>aprofitament dels recursos p\u00fablics<\/strong>\u00a0com s\u00f3n els centres educatius, \u00abaquest tipus de formaci\u00f3 fa que uns espais p\u00fablics que costen molts diners es puguin utilitzar el m\u00e0xim\u00bb.<\/p>\n<h2>Formaci\u00f3 log\u00edstica<\/h2>\n<p>L&#8217;alcaldessa assegura que aquesta subvenci\u00f3 del SOC suposa un\u00a0<strong>\u00abpas endavant\u00bb\u00a0<\/strong>per avan\u00e7ar en la transformaci\u00f3 econ\u00f2mica i social de la ciutat. I ha recordat la necessitat d&#8217;obrir nous pols de formaci\u00f3 a Figueres com el pol de formaci\u00f3 log\u00edstica que encara est\u00e0\u00a0<strong>sense determinar com ni quan ser\u00e0<\/strong>\u00a0\u00abels estudis de log\u00edstica arribaran, i segur que m\u00e9s aviat del que pensem, per\u00f2 ens heu de deixar treballar una mica m\u00e9s\u00bb, ha detallat.<\/p>\n","protected":false},"excerpt":{"rendered":"<p>La\u00a0<strong>directora del Servei P\u00fablic d&#8217;Ocupaci\u00f3 de Catalunya (SOC), Merc\u00e8 Garau<\/strong>, acompanyada de l&#8217;<strong>alcaldessa de Figueres<\/strong>,<strong>\u00a0Agn\u00e8s Llad\u00f3<\/strong>, ha estat aquest mat\u00ed a\u00a0<strong>Figueres\u00a0<\/strong>per presentar els programes de foment i millora de l&#8217;ocupaci\u00f3 que hi ha en marxa actualment<br \/>\n&hellip;  <a href=\"https:\/\/projectes.xtec.cat\/integrafp\/general\/linstitut-cendrassos-presenta-la-prova-pilot-de-formacio-professional-i-ocupacional\/\" title=\"Read INS Cendrassos: presenta la prova pilot de Formaci\u00f3 Professional i Ocupacional\">Llegeix m\u00e9s\u00bb<\/a><\/p>\n","protected":false},"author":1,"featured_media":8463,"comment_status":"open","ping_status":"closed","sticky":false,"template":"","format":"standard","meta":{"_bbp_topic_count":0,"_bbp_reply_count":0,"_bbp_total_topic_count":0,"_bbp_total_reply_count":0,"_bbp_voice_count":0,"_bbp_anonymous_reply_count":0,"_bbp_topic_count_hidden":0,"_bbp_reply_count_hidden":0,"_bbp_forum_subforum_count":0,"footnotes":""},"categories":[154,1,29],"tags":[297],"class_list":["post-8250","post","type-post","status-publish","format-standard","has-post-thumbnail","hentry","category-formacio","category-general","category-portada","tag-girona"],"post_mailing_queue_ids":[],"_links":{"self":[{"href":"https:\/\/projectes.xtec.cat\/integrafp\/wp-json\/wp\/v2\/posts\/8250","targetHints":{"allow":["GET"]}}],"collection":[{"href":"https:\/\/projectes.xtec.cat\/integrafp\/wp-json\/wp\/v2\/posts"}],"about":[{"href":"https:\/\/projectes.xtec.cat\/integrafp\/wp-json\/wp\/v2\/types\/post"}],"author":[{"embeddable":true,"href":"https:\/\/projectes.xtec.cat\/integrafp\/wp-json\/wp\/v2\/users\/1"}],"replies":[{"embeddable":true,"href":"https:\/\/projectes.xtec.cat\/integrafp\/wp-json\/wp\/v2\/comments?post=8250"}],"version-history":[{"count":3,"href":"https:\/\/projectes.xtec.cat\/integrafp\/wp-json\/wp\/v2\/posts\/8250\/revisions"}],"predecessor-version":[{"id":9807,"href":"https:\/\/projectes.xtec.cat\/integrafp\/wp-json\/wp\/v2\/posts\/8250\/revisions\/9807"}],"wp:featuredmedia":[{"embeddable":true,"href":"https:\/\/projectes.xtec.cat\/integrafp\/wp-json\/wp\/v2\/media\/8463"}],"wp:attachment":[{"href":"https:\/\/projectes.xtec.cat\/integrafp\/wp-json\/wp\/v2\/media?parent=8250"}],"wp:term":[{"taxonomy":"category","embeddable":true,"href":"https:\/\/projectes.xtec.cat\/integrafp\/wp-json\/wp\/v2\/categories?post=8250"},{"taxonomy":"post_tag","embeddable":true,"href":"https:\/\/projectes.xtec.cat\/integrafp\/wp-json\/wp\/v2\/tags?post=8250"}],"curies":[{"name":"wp","href":"https:\/\/api.w.org\/{rel}","templated":true}]}}