{"id":8773,"date":"2021-03-08T13:08:14","date_gmt":"2021-03-08T12:08:14","guid":{"rendered":"https:\/\/projectes.xtec.cat\/integrafp\/?p=8773"},"modified":"2022-04-27T10:13:36","modified_gmt":"2022-04-27T08:13:36","slug":"escola-dhostaleria-dosona-certificat-professional-de-forneria-i-brioixeria","status":"publish","type":"post","link":"https:\/\/projectes.xtec.cat\/integrafp\/general\/escola-dhostaleria-dosona-certificat-professional-de-forneria-i-brioixeria\/","title":{"rendered":"Escola d\u2019Hostaleria d\u2019Osona: Certificat Professional de Forneria i Brioixeria"},"content":{"rendered":"<p class=\"western\" align=\"justify\"><span lang=\"ca-ES\">Diuen que les imatges valen m\u00e9s que mil paraules. Entrar a l\u2019aula de forneria de l\u2019Escola d\u2019Hostaleria d\u2019Osona i veure les elaboracions en forneria i brioixeria que han realitzat els alumnes d\u2019aquest Certificat de Professionalitat i la seva cara de satisfacci\u00f3 no t\u00e9 paraules. <\/span><\/p>\n<p align=\"justify\"><a href=\"https:\/\/projectes.xtec.cat\/integrafp\/wp-content\/uploads\/usu2419\/2021\/03\/Brioixeria-1.jpg\"><img loading=\"lazy\" decoding=\"async\" class=\"size-full wp-image-8774 aligncenter\" src=\"https:\/\/projectes.xtec.cat\/integrafp\/wp-content\/uploads\/usu2419\/2021\/03\/Brioixeria-1.jpg\" alt=\"\" width=\"609\" height=\"342\" srcset=\"https:\/\/projectes.xtec.cat\/integrafp\/wp-content\/uploads\/usu2419\/2021\/03\/Brioixeria-1.jpg 609w, https:\/\/projectes.xtec.cat\/integrafp\/wp-content\/uploads\/usu2419\/2021\/03\/Brioixeria-1-300x168.jpg 300w\" sizes=\"auto, (max-width: 609px) 100vw, 609px\" \/>\u00a0 \u00a0 <\/a><\/p>\n<p align=\"justify\"><a href=\"https:\/\/projectes.xtec.cat\/integrafp\/wp-content\/uploads\/usu2419\/2021\/03\/Brioixeria-1.jpg\"><span lang=\"ca-ES\"><span style=\"color: #000000;\">Aquest certificat de professionalitat de nivell 2 es va iniciar a finals del mes de gener a l\u2019Escola d\u2019Hostaleria d\u2019Osona i des de llavors que els alumnes aprenen a realitzar i dirigir les operacions d\u2019elaboraci\u00f3 de masses de fleca i brioixeria i a confeccionar i conduir les elaboracions complementaries, composici\u00f3, decoraci\u00f3 i envasament de productes de fleca i brioixeria, i a aplicar la normativa de seguretat, higiene i protecci\u00f3 del medi ambient en la industria fornera.<\/span><\/span><\/a><\/p>\n<p align=\"justify\"><a href=\"https:\/\/projectes.xtec.cat\/integrafp\/wp-content\/uploads\/usu2419\/2021\/03\/Brioixeria-2.jpg\"><img loading=\"lazy\" decoding=\"async\" class=\"size-full wp-image-8775 aligncenter\" src=\"https:\/\/projectes.xtec.cat\/integrafp\/wp-content\/uploads\/usu2419\/2021\/03\/Brioixeria-2.jpg\" alt=\"\" width=\"686\" height=\"513\" srcset=\"https:\/\/projectes.xtec.cat\/integrafp\/wp-content\/uploads\/usu2419\/2021\/03\/Brioixeria-2.jpg 686w, https:\/\/projectes.xtec.cat\/integrafp\/wp-content\/uploads\/usu2419\/2021\/03\/Brioixeria-2-300x224.jpg 300w, https:\/\/projectes.xtec.cat\/integrafp\/wp-content\/uploads\/usu2419\/2021\/03\/Brioixeria-2-200x150.jpg 200w\" sizes=\"auto, (max-width: 686px) 100vw, 686px\" \/><\/a><\/p>\n<p class=\"western\" align=\"justify\"><span lang=\"ca-ES\">Aquest certificat de professionalitat t\u00e9 un total s\u00f3n 450 hores lectives i inclou un m\u00f2dul de 80 hores de pr\u00e0ctiques en un m\u00f2dul de treball.<\/span><\/p>\n<p align=\"justify\"><a href=\"https:\/\/projectes.xtec.cat\/integrafp\/wp-content\/uploads\/usu2419\/2021\/03\/Brioixeria-2.png\"><img loading=\"lazy\" decoding=\"async\" class=\"alignleft wp-image-8782 size-full\" src=\"https:\/\/projectes.xtec.cat\/integrafp\/wp-content\/uploads\/usu2419\/2021\/03\/Brioixeria-2.png\" alt=\"\" width=\"411\" height=\"782\" srcset=\"https:\/\/projectes.xtec.cat\/integrafp\/wp-content\/uploads\/usu2419\/2021\/03\/Brioixeria-2.png 411w, https:\/\/projectes.xtec.cat\/integrafp\/wp-content\/uploads\/usu2419\/2021\/03\/Brioixeria-2-158x300.png 158w\" sizes=\"auto, (max-width: 411px) 100vw, 411px\" \/><\/a><a href=\"https:\/\/projectes.xtec.cat\/integrafp\/wp-content\/uploads\/usu2419\/2021\/03\/Brioixeria-4.png\"><img loading=\"lazy\" decoding=\"async\" class=\"alignleft wp-image-8783 size-full\" src=\"https:\/\/projectes.xtec.cat\/integrafp\/wp-content\/uploads\/usu2419\/2021\/03\/Brioixeria-4.png\" alt=\"\" width=\"382\" height=\"640\" srcset=\"https:\/\/projectes.xtec.cat\/integrafp\/wp-content\/uploads\/usu2419\/2021\/03\/Brioixeria-4.png 382w, https:\/\/projectes.xtec.cat\/integrafp\/wp-content\/uploads\/usu2419\/2021\/03\/Brioixeria-4-179x300.png 179w\" sizes=\"auto, (max-width: 382px) 100vw, 382px\" \/><\/a><\/p>\n","protected":false},"excerpt":{"rendered":"<p>Diuen que les imatges valen m\u00e9s que mil paraules. Entrar a l\u2019aula de forneria de l\u2019Escola d\u2019Hostaleria d\u2019Osona i veure les elaboracions en forneria i brioixeria que han realitzat els alumnes d\u2019aquest Certificat de Professionalitat i la seva cara de satisfacci\u00f3 no t\u00e9 paraules.<br \/>\n<a&hellip;  <a href=\"https:\/\/projectes.xtec.cat\/integrafp\/general\/escola-dhostaleria-dosona-certificat-professional-de-forneria-i-brioixeria\/\" title=\"Read Escola d\u2019Hostaleria d\u2019Osona: Certificat Professional de Forneria i Brioixeria\">Llegeix m\u00e9s\u00bb<\/a><\/p>\n","protected":false},"author":4,"featured_media":8775,"comment_status":"open","ping_status":"closed","sticky":false,"template":"","format":"standard","meta":{"_bbp_topic_count":0,"_bbp_reply_count":0,"_bbp_total_topic_count":0,"_bbp_total_reply_count":0,"_bbp_voice_count":0,"_bbp_anonymous_reply_count":0,"_bbp_topic_count_hidden":0,"_bbp_reply_count_hidden":0,"_bbp_forum_subforum_count":0,"footnotes":""},"categories":[154,1,29],"tags":[309,296,286],"class_list":["post-8773","post","type-post","status-publish","format-standard","has-post-thumbnail","hentry","category-formacio","category-general","category-portada","tag-hostaleria-i-turisme","tag-barcelona","tag-rebosteria"],"post_mailing_queue_ids":[],"_links":{"self":[{"href":"https:\/\/projectes.xtec.cat\/integrafp\/wp-json\/wp\/v2\/posts\/8773","targetHints":{"allow":["GET"]}}],"collection":[{"href":"https:\/\/projectes.xtec.cat\/integrafp\/wp-json\/wp\/v2\/posts"}],"about":[{"href":"https:\/\/projectes.xtec.cat\/integrafp\/wp-json\/wp\/v2\/types\/post"}],"author":[{"embeddable":true,"href":"https:\/\/projectes.xtec.cat\/integrafp\/wp-json\/wp\/v2\/users\/4"}],"replies":[{"embeddable":true,"href":"https:\/\/projectes.xtec.cat\/integrafp\/wp-json\/wp\/v2\/comments?post=8773"}],"version-history":[{"count":4,"href":"https:\/\/projectes.xtec.cat\/integrafp\/wp-json\/wp\/v2\/posts\/8773\/revisions"}],"predecessor-version":[{"id":8793,"href":"https:\/\/projectes.xtec.cat\/integrafp\/wp-json\/wp\/v2\/posts\/8773\/revisions\/8793"}],"wp:featuredmedia":[{"embeddable":true,"href":"https:\/\/projectes.xtec.cat\/integrafp\/wp-json\/wp\/v2\/media\/8775"}],"wp:attachment":[{"href":"https:\/\/projectes.xtec.cat\/integrafp\/wp-json\/wp\/v2\/media?parent=8773"}],"wp:term":[{"taxonomy":"category","embeddable":true,"href":"https:\/\/projectes.xtec.cat\/integrafp\/wp-json\/wp\/v2\/categories?post=8773"},{"taxonomy":"post_tag","embeddable":true,"href":"https:\/\/projectes.xtec.cat\/integrafp\/wp-json\/wp\/v2\/tags?post=8773"}],"curies":[{"name":"wp","href":"https:\/\/api.w.org\/{rel}","templated":true}]}}