{"id":8828,"date":"2021-04-20T21:55:15","date_gmt":"2021-04-20T19:55:15","guid":{"rendered":"https:\/\/projectes.xtec.cat\/integrafp\/?p=8828"},"modified":"2022-06-01T09:07:54","modified_gmt":"2022-06-01T07:07:54","slug":"institut-montilivi-curs-per-a-la-obtencio-del-certificat-de-professionalitat-doperacions-auxiliars-de-manteniment-de-carrosseries-de-vehicles","status":"publish","type":"post","link":"https:\/\/projectes.xtec.cat\/integrafp\/general\/institut-montilivi-curs-per-a-la-obtencio-del-certificat-de-professionalitat-doperacions-auxiliars-de-manteniment-de-carrosseries-de-vehicles\/","title":{"rendered":"INS Montilivi: CURS PER A LA OBTENCI\u00d3 DEL CERTIFICAT DE PROFESSIONALITAT D&#8217;OPERACIONS AUXILIARS DE MANTENIMENT DE CARROSSERIES DE VEHICLES"},"content":{"rendered":"<p style=\"text-align: center;\"><a href=\"https:\/\/www.sepe.es\/SiteSepe\/contenidos\/personas\/formacion\/certificados_de_profesionalidad\/pdf\/fichasCertificados\/TMVL0109_ficha.pdf\"><span style=\"color: #3366ff;\"><strong>FITXA\u00a0 CURS<\/strong><\/span><\/a><\/p>\n<p style=\"text-align: center;\"><a href=\"https:\/\/www.institutmontilivi.cat\/\"><img loading=\"lazy\" decoding=\"async\" class=\"alignnone size-full wp-image-8838\" src=\"https:\/\/projectes.xtec.cat\/integrafp\/wp-content\/uploads\/usu2419\/2021\/04\/baixa-1.jpg\" alt=\"\" width=\"381\" height=\"132\" srcset=\"https:\/\/projectes.xtec.cat\/integrafp\/wp-content\/uploads\/usu2419\/2021\/04\/baixa-1.jpg 381w, https:\/\/projectes.xtec.cat\/integrafp\/wp-content\/uploads\/usu2419\/2021\/04\/baixa-1-300x104.jpg 300w\" sizes=\"auto, (max-width: 381px) 100vw, 381px\" \/><\/a><\/p>\n<h3 style=\"text-align: center;\"><a href=\"https:\/\/forms.gle\/kCjeJqBaDfoxYgDP8\">\u21d2<strong>Preinscripci\u00f3 al curs<\/strong><\/a><\/h3>\n<ul>\n<li>Durada del curs: <strong>350 hores<\/strong><\/li>\n<li>Nivell de qualificaci\u00f3 professional: 1<\/li>\n<li><span style=\"text-decoration: underline;\">Requisits d&#8217;acc\u00e9s<\/span>: <span style=\"color: #202124;\"><span style=\"font-family: Calibri, serif;\">El curs \u00e9s subvencionat i cal estar pr\u00e8viament registrat al Servei d&#8217;Ocupaci\u00f3 de Catalunya (SOC)<\/span><\/span><\/li>\n<li>Dates previstes: del 3 de maig al 30\u00a0 de juliol<\/li>\n<\/ul>\n<p><strong>\u00a0<\/strong><strong>M\u00f2duls formatius: <\/strong>(fitxa del curs)<\/p>\n<ul>\n<li>Mecanitzat b\u00e0sic.(90 hores)<\/li>\n<li>T\u00e8cniques b\u00e0siques de substituci\u00f3 d\u2019elements amovibles. (90 hores)<\/li>\n<li>T\u00e8cniques b\u00e0siques de preparaci\u00f3 de Superficies. (90 hores)<\/li>\n<li>M\u00f2dul de pr\u00e0ctiques professionals no laborables de operacions auxiliars de manteniment de carrosseries de vehicles. (40 hores)<\/li>\n<li>B\u00e0sic en prevenci\u00f3 de riscos laborals. (30 hores)<\/li>\n<li>Inserci\u00f3 laboral, sensibilitzaci\u00f3 mediambiental i en la igualtat de g\u00e8nere. (10 hores)<\/li>\n<\/ul>\n<p><strong>Ocupacions o llocs de treball relacionats:<\/strong><\/p>\n<ul>\n<li>Ajudant a la secci\u00f3 de carrosseria de vehicles autom\u00f2bils, motocicletes, vehicles industrials, maquinaria agr\u00edcola o de obres p\u00fabliques, embarcacions i material rodant ferroviari.<\/li>\n<li>Auxiliar de magatzem de recanvis.<\/li>\n<li>Operari en empreses de substituci\u00f3 de vidres de l&#8217;autom\u00f2bil.<\/li>\n<\/ul>\n<p><span style=\"color: #000000;\"><span style=\"font-size: large;\"><strong>Dates inici i fi del curs:<\/strong><\/span><\/span><span style=\"color: #000000;\"> 3\/05\/2021 &#8211; 30\/07\/21 <span style=\"font-size: large;\">(provisional)<\/span><\/span><\/p>\n<p><iframe loading=\"lazy\" title=\"Carrosseria\" width=\"500\" height=\"375\" src=\"https:\/\/www.youtube.com\/embed\/rCaRrHpcM0M?feature=oembed\" frameborder=\"0\" allow=\"accelerometer; autoplay; clipboard-write; encrypted-media; gyroscope; picture-in-picture; web-share\" referrerpolicy=\"strict-origin-when-cross-origin\" allowfullscreen><\/iframe><\/p>\n<p>&nbsp;<\/p>\n<p><a href=\"https:\/\/www.institutmontilivi.cat\/\"><img loading=\"lazy\" decoding=\"async\" class=\"wp-image-8833 alignleft\" src=\"https:\/\/projectes.xtec.cat\/integrafp\/wp-content\/uploads\/usu2419\/2021\/04\/baixa.jpg\" alt=\"\" width=\"267\" height=\"105\" srcset=\"https:\/\/projectes.xtec.cat\/integrafp\/wp-content\/uploads\/usu2419\/2021\/04\/baixa.jpg 359w, https:\/\/projectes.xtec.cat\/integrafp\/wp-content\/uploads\/usu2419\/2021\/04\/baixa-300x118.jpg 300w\" sizes=\"auto, (max-width: 267px) 100vw, 267px\" \/><\/a><\/p>\n<p style=\"text-align: right;\"><a href=\"https:\/\/www.institutmontilivi.cat\/\">\u00a0 \u00a0 \u00a0 \u00a0 \u00a0 \u00a0 \u00a0 \u00a0 \u00a0 \u00a0 \u00a0 \u00a0 \u00a0 Av. Montilivi, 125\u00a0 17003 Girona\u00a0 <\/a><\/p>\n<p style=\"text-align: right;\"><a href=\"https:\/\/www.institutmontilivi.cat\/\">Tel.: 972209458\u00a0 \u00a0Fax: 972209069<\/a><\/p>\n<p style=\"text-align: right;\"><a href=\"https:\/\/www.institutmontilivi.cat\/\">\u00a0 \u00a0 \u00a0 \u00a0 \u00a0 \u00a0 \u00a0 \u00a0 \u00a0 \u00a0 \u00a0 \u00a0 \u00a0 \u00a0Mail: institutmontilivi@xtec.cat<\/a><\/p>\n<p style=\"text-align: right;\"><a href=\"http:\/\/www.institutmontilivi.cat\/\" target=\"_blank\" rel=\"noopener noreferrer\" data-saferedirecturl=\"https:\/\/www.google.com\/url?q=http:\/\/www.institutmontilivi.cat&amp;source=gmail&amp;ust=1618927775716000&amp;usg=AFQjCNFn_9liX71OCGquB1dG4Sb7RiUj7A\">\u00a0www.institutmontilivi.cat<\/a><\/p>\n","protected":false},"excerpt":{"rendered":"<p><a href=\"https:\/\/www.sepe.es\/SiteSepe\/contenidos\/personas\/formacion\/certificados_de_profesionalidad\/pdf\/fichasCertificados\/TMVL0109_ficha.pdf\">FITXA\u00a0 CURS<\/a><br \/>\n<a href=\"https:\/\/www.institutmontilivi.cat\/\"><\/a><br \/>\n<a href=\"https:\/\/forms.gle\/kCjeJqBaDfoxYgDP8\">\u21d2Preinscripci\u00f3 al curs<\/a><\/p>\n<ul>\n<li>Durada del curs: 350 hores<\/li>\n<li>Nivell de qualificaci\u00f3 professional: 1<\/li>\n<li>Requisits d&#8217;acc\u00e9s: El curs \u00e9s subvencionat i cal estar pr\u00e8viament registrat al Servei d&#8217;Ocupaci\u00f3 de Catalunya (SOC)<\/li>\n<li>Dates previstes: del 3 de maig al 30\u00a0 de juliol<\/li>\n<\/ul>\n<p>\u00a0M\u00f2duls formatius: (fitxa del curs)<\/p>\n<ul>\n<li>Mecanitzat b\u00e0sic.(90&hellip;  <a href=\"https:\/\/projectes.xtec.cat\/integrafp\/general\/institut-montilivi-curs-per-a-la-obtencio-del-certificat-de-professionalitat-doperacions-auxiliars-de-manteniment-de-carrosseries-de-vehicles\/\" title=\"Read INS Montilivi: CURS PER A LA OBTENCI\u00d3 DEL CERTIFICAT DE PROFESSIONALITAT D&#8217;OPERACIONS AUXILIARS DE MANTENIMENT DE CARROSSERIES DE VEHICLES\">Llegeix m\u00e9s\u00bb<\/a><br \/>\n","protected":false},"author":8,"featured_media":0,"comment_status":"open","ping_status":"closed","sticky":false,"template":"","format":"standard","meta":{"_bbp_topic_count":0,"_bbp_reply_count":0,"_bbp_total_topic_count":0,"_bbp_total_reply_count":0,"_bbp_voice_count":0,"_bbp_anonymous_reply_count":0,"_bbp_topic_count_hidden":0,"_bbp_reply_count_hidden":0,"_bbp_forum_subforum_count":0,"footnotes":""},"categories":[154,1,29],"tags":[297,322],"class_list":["post-8828","post","type-post","status-publish","format-standard","hentry","category-formacio","category-general","category-portada","tag-girona","tag-transport-i-manteniment-de-vehicles"],"post_mailing_queue_ids":[],"_links":{"self":[{"href":"https:\/\/projectes.xtec.cat\/integrafp\/wp-json\/wp\/v2\/posts\/8828","targetHints":{"allow":["GET"]}}],"collection":[{"href":"https:\/\/projectes.xtec.cat\/integrafp\/wp-json\/wp\/v2\/posts"}],"about":[{"href":"https:\/\/projectes.xtec.cat\/integrafp\/wp-json\/wp\/v2\/types\/post"}],"author":[{"embeddable":true,"href":"https:\/\/projectes.xtec.cat\/integrafp\/wp-json\/wp\/v2\/users\/8"}],"replies":[{"embeddable":true,"href":"https:\/\/projectes.xtec.cat\/integrafp\/wp-json\/wp\/v2\/comments?post=8828"}],"version-history":[{"count":5,"href":"https:\/\/projectes.xtec.cat\/integrafp\/wp-json\/wp\/v2\/posts\/8828\/revisions"}],"predecessor-version":[{"id":9805,"href":"https:\/\/projectes.xtec.cat\/integrafp\/wp-json\/wp\/v2\/posts\/8828\/revisions\/9805"}],"wp:attachment":[{"href":"https:\/\/projectes.xtec.cat\/integrafp\/wp-json\/wp\/v2\/media?parent=8828"}],"wp:term":[{"taxonomy":"category","embeddable":true,"href":"https:\/\/projectes.xtec.cat\/integrafp\/wp-json\/wp\/v2\/categories?post=8828"},{"taxonomy":"post_tag","embeddable":true,"href":"https:\/\/projectes.xtec.cat\/integrafp\/wp-json\/wp\/v2\/tags?post=8828"}],"curies":[{"name":"wp","href":"https:\/\/api.w.org\/{rel}","templated":true}]}}