{"id":8919,"date":"2021-06-02T13:36:24","date_gmt":"2021-06-02T11:36:24","guid":{"rendered":"https:\/\/projectes.xtec.cat\/integrafp\/?p=8919"},"modified":"2021-06-02T13:55:05","modified_gmt":"2021-06-02T11:55:05","slug":"sessions-informatives-per-a-la-2o-planificacio-per-a-la-imparticio-de-certificats-de-professionalitat","status":"publish","type":"post","link":"https:\/\/projectes.xtec.cat\/integrafp\/general\/sessions-informatives-per-a-la-2o-planificacio-per-a-la-imparticio-de-certificats-de-professionalitat\/","title":{"rendered":"Sessions informatives per a la 2\u00ba planificaci\u00f3 per a la impartici\u00f3 de certificats de professionalitat"},"content":{"rendered":"<div>\n<p>Avui 2 de juny s&#8217;han realitzat dues sessions informatives amb els centres que impartiran Certificats de Professionalitat en Centres Educatius del Departament d&#8217;Educaci\u00f3. Han participat representats del Departament d&#8217;Educaci\u00f3 i del Servei d&#8217;Ocupaci\u00f3 de Catalunya.<\/p>\n<p>La primera sessi\u00f3 ha estat adre\u00e7ada als centres que s&#8217;han incorporat en la impartici\u00f3 de Certificats de Professionalitat i han rebut la formaci\u00f3 de les diferents fases del projecte i la gesti\u00f3 del mateix.<\/p>\n<p>La segona sessi\u00f3 ha estat dirigida a centres que ja han impartit Certificats de Professionalitat en altres planificacions i per tant, ja tenen experi\u00e8ncia en la gesti\u00f3 del projecte i continuaran impartint nous cursos de formaci\u00f3 ocupacional.<\/p>\n<p>Aquest cursos s&#8217; iniciaran a partir del setembre de 2021 amb una planificaci\u00f3 inicial de 100 certificats de professionalitat que s&#8217;oferiran en els diferents centre educatius del territori catal\u00e0.<\/p>\n<p><a href=\"https:\/\/projectes.xtec.cat\/integrafp\/wp-content\/uploads\/usu2419\/2021\/06\/sessio2_06.png\"><img loading=\"lazy\" decoding=\"async\" class=\"alignleft wp-image-8920 \" src=\"https:\/\/projectes.xtec.cat\/integrafp\/wp-content\/uploads\/usu2419\/2021\/06\/sessio2_06-e1622633427884.png\" alt=\"\" width=\"518\" height=\"272\" srcset=\"https:\/\/projectes.xtec.cat\/integrafp\/wp-content\/uploads\/usu2419\/2021\/06\/sessio2_06-e1622633427884.png 549w, https:\/\/projectes.xtec.cat\/integrafp\/wp-content\/uploads\/usu2419\/2021\/06\/sessio2_06-e1622633427884-300x157.png 300w\" sizes=\"auto, (max-width: 518px) 100vw, 518px\" \/><\/a>.<\/p>\n<\/div>\n<p>&nbsp;<\/p>\n<div>\n<p>&nbsp;<\/p>\n<p>&nbsp;<\/p>\n<\/div>\n","protected":false},"excerpt":{"rendered":"<p>Avui 2 de juny s&#8217;han realitzat dues sessions informatives amb els centres que impartiran Certificats de Professionalitat en Centres Educatius del Departament d&#8217;Educaci\u00f3. Han participat representats del Departament d&#8217;Educaci\u00f3 i del Servei d&#8217;Ocupaci\u00f3 de Catalunya.<br \/>\nLa primera sessi\u00f3 ha estat adre\u00e7ada als centres que s&#8217;han incorporat&hellip;  <a href=\"https:\/\/projectes.xtec.cat\/integrafp\/general\/sessions-informatives-per-a-la-2o-planificacio-per-a-la-imparticio-de-certificats-de-professionalitat\/\" title=\"Read Sessions informatives per a la 2\u00ba planificaci\u00f3 per a la impartici\u00f3 de certificats de professionalitat\">Llegeix m\u00e9s\u00bb<\/a><\/p>\n","protected":false},"author":1,"featured_media":0,"comment_status":"closed","ping_status":"closed","sticky":false,"template":"","format":"standard","meta":{"_bbp_topic_count":0,"_bbp_reply_count":0,"_bbp_total_topic_count":0,"_bbp_total_reply_count":0,"_bbp_voice_count":0,"_bbp_anonymous_reply_count":0,"_bbp_topic_count_hidden":0,"_bbp_reply_count_hidden":0,"_bbp_forum_subforum_count":0,"footnotes":""},"categories":[1,29],"tags":[],"class_list":["post-8919","post","type-post","status-publish","format-standard","hentry","category-general","category-portada"],"post_mailing_queue_ids":[],"_links":{"self":[{"href":"https:\/\/projectes.xtec.cat\/integrafp\/wp-json\/wp\/v2\/posts\/8919","targetHints":{"allow":["GET"]}}],"collection":[{"href":"https:\/\/projectes.xtec.cat\/integrafp\/wp-json\/wp\/v2\/posts"}],"about":[{"href":"https:\/\/projectes.xtec.cat\/integrafp\/wp-json\/wp\/v2\/types\/post"}],"author":[{"embeddable":true,"href":"https:\/\/projectes.xtec.cat\/integrafp\/wp-json\/wp\/v2\/users\/1"}],"replies":[{"embeddable":true,"href":"https:\/\/projectes.xtec.cat\/integrafp\/wp-json\/wp\/v2\/comments?post=8919"}],"version-history":[{"count":3,"href":"https:\/\/projectes.xtec.cat\/integrafp\/wp-json\/wp\/v2\/posts\/8919\/revisions"}],"predecessor-version":[{"id":8924,"href":"https:\/\/projectes.xtec.cat\/integrafp\/wp-json\/wp\/v2\/posts\/8919\/revisions\/8924"}],"wp:attachment":[{"href":"https:\/\/projectes.xtec.cat\/integrafp\/wp-json\/wp\/v2\/media?parent=8919"}],"wp:term":[{"taxonomy":"category","embeddable":true,"href":"https:\/\/projectes.xtec.cat\/integrafp\/wp-json\/wp\/v2\/categories?post=8919"},{"taxonomy":"post_tag","embeddable":true,"href":"https:\/\/projectes.xtec.cat\/integrafp\/wp-json\/wp\/v2\/tags?post=8919"}],"curies":[{"name":"wp","href":"https:\/\/api.w.org\/{rel}","templated":true}]}}